{"id":97227,"date":"2021-05-07T00:59:58","date_gmt":"2021-05-07T05:59:58","guid":{"rendered":"https:\/\/elinformanteperu.com\/?p=97227"},"modified":"2021-05-07T00:59:58","modified_gmt":"2021-05-07T05:59:58","slug":"juntos-por-el-peru-acuerdo-con-pedro-castillo-es-en-base-a-compromisos-programaticos","status":"publish","type":"post","link":"https:\/\/elinformanteperu.com\/index.php\/2021\/05\/07\/juntos-por-el-peru-acuerdo-con-pedro-castillo-es-en-base-a-compromisos-programaticos\/","title":{"rendered":"Juntos por el Per\u00fa: acuerdo con Pedro Castillo es en base a compromisos program\u00e1ticos"},"content":{"rendered":"<p><span style=\"color: #000000;\"><strong>Lima, 06 Mayo, (ANDINA).-<\/strong> La representante de Juntos por el Per\u00fa (JP), Luc\u00eda Alvites, dijo hoy que el acuerdo pol\u00edtico con el candidato de Per\u00fa Libre, Pedro Castillo, es en funci\u00f3n a compromisos program\u00e1ticos.<\/span><\/p>\n<p><span style=\"color: #000000;\">En entrevista con RPP, sostuvo que en JP siempre ha habido el \u00e1nimo por articular las fuerzas de la izquierda y de organizaciones sociales en torno a propuestas de cambio.<\/span><\/p>\n<p><span style=\"color: #000000;\">Los acercamientos, afirm\u00f3, est\u00e1n basados en cuestiones program\u00e1ticas de plantear propuestas de cambios, a fin de garantizar, por ejemplo, la salud como un derecho.<\/span><\/p>\n<p><span style=\"color: #000000;\">\u00abSe ha firmado un acuerdo, un compromiso en base a propuestas, mientras que el fujimorismo recibe adhesiones sin compromisos de por medio\u00bb, enfatiz\u00f3 Alvites.<\/span><\/p>\n<p><span style=\"color: #000000;\">Seg\u00fan remarc\u00f3, se conf\u00eda en el compromiso de Castillo y en el hecho de que representa el cambio que necesita el pa\u00eds frente a un modelo econ\u00f3mico que mantiene las brechas sociales.<\/span><\/p>\n<p><span style=\"color: #000000;\">\u00abNo vemos en \u00e9l un af\u00e1n dictatorial, eso est\u00e1 al otro lado, en el fujimorismo\u00bb, dijo tras remarcar que se est\u00e1 en un momento hist\u00f3rico de poder hacer una gran unidad.<\/span><\/p>\n<p><span style=\"color: #000000;\">Alvites precis\u00f3 que Juntos por el Per\u00fa no se ha fusionado con Per\u00fa Libre o Pedro Castillo, sino que se trata de un acuerdo confiando en el anhelo de cambio.<\/span><\/p>\n","protected":false},"excerpt":{"rendered":"<p>Lima, 06 Mayo, (ANDINA).- La representante de Juntos por el Per\u00fa (JP), Luc\u00eda Alvites, dijo hoy que el acuerdo pol\u00edtico con el candidato de Per\u00fa Libre, Pedro Castillo, es en funci\u00f3n a compromisos program\u00e1ticos. En entrevista con RPP, sostuvo que en JP siempre ha habido el \u00e1nimo por articular las fuerzas de la izquierda y [&hellip;]<\/p>\n","protected":false},"author":1,"featured_media":97228,"comment_status":"closed","ping_status":"closed","sticky":false,"template":"","format":"standard","meta":{"rop_custom_images_group":[],"rop_custom_messages_group":[],"rop_publish_now":"initial","rop_publish_now_accounts":[],"rop_publish_now_history":[],"rop_publish_now_status":"pending","footnotes":""},"categories":[5],"tags":[6466,1619,2092,5006,442],"class_list":["post-97227","post","type-post","status-publish","format-standard","has-post-thumbnail","hentry","category-actualidad-informativa","tag-elecciones-segunda-vuelta-2021","tag-juntos-por-el-peru","tag-pedro-castillo","tag-peru-libre","tag-veronika-mendoza"],"_links":{"self":[{"href":"https:\/\/elinformanteperu.com\/index.php\/wp-json\/wp\/v2\/posts\/97227","targetHints":{"allow":["GET"]}}],"collection":[{"href":"https:\/\/elinformanteperu.com\/index.php\/wp-json\/wp\/v2\/posts"}],"about":[{"href":"https:\/\/elinformanteperu.com\/index.php\/wp-json\/wp\/v2\/types\/post"}],"author":[{"embeddable":true,"href":"https:\/\/elinformanteperu.com\/index.php\/wp-json\/wp\/v2\/users\/1"}],"replies":[{"embeddable":true,"href":"https:\/\/elinformanteperu.com\/index.php\/wp-json\/wp\/v2\/comments?post=97227"}],"version-history":[{"count":1,"href":"https:\/\/elinformanteperu.com\/index.php\/wp-json\/wp\/v2\/posts\/97227\/revisions"}],"predecessor-version":[{"id":97229,"href":"https:\/\/elinformanteperu.com\/index.php\/wp-json\/wp\/v2\/posts\/97227\/revisions\/97229"}],"wp:featuredmedia":[{"embeddable":true,"href":"https:\/\/elinformanteperu.com\/index.php\/wp-json\/wp\/v2\/media\/97228"}],"wp:attachment":[{"href":"https:\/\/elinformanteperu.com\/index.php\/wp-json\/wp\/v2\/media?parent=97227"}],"wp:term":[{"taxonomy":"category","embeddable":true,"href":"https:\/\/elinformanteperu.com\/index.php\/wp-json\/wp\/v2\/categories?post=97227"},{"taxonomy":"post_tag","embeddable":true,"href":"https:\/\/elinformanteperu.com\/index.php\/wp-json\/wp\/v2\/tags?post=97227"}],"curies":[{"name":"wp","href":"https:\/\/api.w.org\/{rel}","templated":true}]}}