{"id":97168,"date":"2021-05-06T22:24:13","date_gmt":"2021-05-07T03:24:13","guid":{"rendered":"https:\/\/elinformanteperu.com\/?p=97168"},"modified":"2021-05-06T22:24:13","modified_gmt":"2021-05-07T03:24:13","slug":"cajamarca-sacerdote-que-llevaba-oxigeno-a-domicilio-de-pacientes-vence-a-la-covid-19","status":"publish","type":"post","link":"https:\/\/elinformanteperu.com\/index.php\/2021\/05\/06\/cajamarca-sacerdote-que-llevaba-oxigeno-a-domicilio-de-pacientes-vence-a-la-covid-19\/","title":{"rendered":"Cajamarca: sacerdote que llevaba ox\u00edgeno a domicilio de pacientes vence a la covid-19"},"content":{"rendered":"<p><strong><span style=\"color: #000000;\">El padre Juan Carlos P\u00e9rez recibi\u00f3 alta epidemiol\u00f3gica y retoma actividades con oficio de misa virtual<\/span><\/strong><\/p>\n<p><span style=\"color: #000000;\"><strong>Cajamarca, 06 Mayo, (ANDINA).-<\/strong> El sacerdote Juan Carlos P\u00e9rez, quien llevaba ox\u00edgeno a domicilio para los paciente con covid-19, logr\u00f3 vencer la enfermedad tras permanecer 25 d\u00edas aislado y con monitoreo m\u00e9dico en la casa de la catedral de la ciudad de Cajamarca, donde esta ma\u00f1ana ofici\u00f3 una misa virtual como reinicio de sus actividades.<\/span><\/p>\n<p><span style=\"color: #000000;\">El religioso fue diagnosticado con la covid-19 el 20 de abril mediante prueba ant\u00edgena, a la que se someti\u00f3 luego de presentar algunos s\u00edntomas como fiebre, cuando desarrollaba su labor social de llevar ox\u00edgeno a las viviendas de los pacientes infectados.<\/span><\/p>\n<p><span style=\"color: #000000;\">\u201cCuando me diagnosticaron covid-19 lo tom\u00e9 con bastante calma, con bastante tranquilidad. Fue una situaci\u00f3n que cambi\u00f3 mis planes nada m\u00e1s\u201d, cont\u00f3 el sacerdote a la Agencia Andina, al agradecer las muestras de afecto y solidaridad de la poblaci\u00f3n que se interes\u00f3 por su salud.<\/span><\/p>\n<p><span style=\"color: #000000;\">\u201cEs fundamental el apoyo de la familia, de mis padres, de mis hermanos que siempre estuvieron pendientes del proceso epidemiol\u00f3gico; adem\u00e1s, de la poblaci\u00f3n, la feligres\u00eda en general, que estuvieron pendientes y muy unidos a trav\u00e9s de la oraci\u00f3n\u201d, acot\u00f3.<\/span><\/p>\n<p><span style=\"color: #000000;\">Al recibir el alta epidemiol\u00f3gica de la Direcci\u00f3n Regional de Salud (Diresa), el religioso se\u00f1al\u00f3 que retomar\u00e1 sus actividades en forma paulatina y hoy ofici\u00f3 una misa virtual a las 10:00 horas en la catedral, y que en adelante replicar\u00e1 cada ma\u00f1ana.<\/span><\/p>\n<p><span style=\"color: #000000;\">Respecto a la labor que cumpl\u00eda junto a un equipo de voluntarios del Colectivo Cajamarca Respira, llevando ox\u00edgeno a los domicilios de pacientes covid-19, manifest\u00f3 que por el momento no podr\u00e1 cumplir esa funci\u00f3n porque a\u00fan est\u00e1 en proceso de recuperaci\u00f3n, pero desde la casa en la catedral coordina el apoyo para que el vital insumo llegue a la poblaci\u00f3n.<\/span><\/p>\n<p><span style=\"color: #000000;\">Coment\u00f3 que recibir el alta m\u00e9dica le gener\u00f3 una sensaci\u00f3n de alegr\u00eda porque logr\u00f3 superar el ciclo de la enfermedad y, de esa manera, ya no contagiar\u00e1 a los dem\u00e1s; sin embargo, es consciente de que el virus podr\u00eda ocasionarle una reinfecci\u00f3n.<\/span><\/p>\n<p><span style=\"color: #000000;\">\u00abHay que ir con cuidado, cumpliendo las recomendaciones del m\u00e9dico. En este momento ya no me han suministrado medicamentos, solo monitoreo nutricional, pero a\u00fan me siento d\u00e9bil f\u00edsicamente, no tengo la misma energ\u00eda con la que siempre me he desenvuelto\u201d, expres\u00f3.<\/span><\/p>\n<p><strong><span style=\"color: #000000;\">Vida espiritual<\/span><\/strong><\/p>\n<p><span style=\"color: #000000;\">La salud del sacerdote cajamarquino no lleg\u00f3 a complicarse debido a dos cosas fundamentales: la buena vida espiritual, que ayuda much\u00edsimo a enfrentar cualquier enfermedad; la fe cristiana bien orientada es un soporte impresionante e inigualable para enfrentar las enfermedades, \u201cporque nos ayuda a no caer en crisis, en depresi\u00f3n. Nos ayuda a no perder el sentido a la vida\u201d.<\/span><\/p>\n<p><span style=\"color: #000000;\">\u201cLa fe nos ayuda a entender que la enfermedad nos permite unirnos a la pasi\u00f3n de nuestro Se\u00f1or Jesucristo, que es una pasi\u00f3n redentora; en consecuencia, un enfermo cristiano ofrece su enfermad por la salvaci\u00f3n del mundo, por la salvaci\u00f3n de la humanidad y aprende a llevar su enfermedad con paciencia\u201d, reflexion\u00f3.<\/span><\/p>\n<p><span style=\"color: #000000;\">El segundo elemento netamente humano y fundamental es la buena alimentaci\u00f3n, pues una buena calidad de vida permite tener un sistema inmune fuerte, acot\u00f3.<\/span><\/p>\n<p><span style=\"color: #000000;\">Por \u00faltimo, el religioso inst\u00f3 a la colectividad a cuidarse mucho. \u201cQuienes estamos por debajo de los 40 a\u00f1os es probable que sobrevivamos al virus, pero quienes est\u00e1n por encima de los 50 no es tan f\u00e1cil que sobreviva; en consecuencia, el mensaje es una invitaci\u00f3n a la responsabilidad, a cumplir con exigencia los protocolos sanitarios, evitar reuniones masivas, celebraciones innecesarias\u201d.<\/span><\/p>\n","protected":false},"excerpt":{"rendered":"<p>El padre Juan Carlos P\u00e9rez recibi\u00f3 alta epidemiol\u00f3gica y retoma actividades con oficio de misa virtual Cajamarca, 06 Mayo, (ANDINA).- El sacerdote Juan Carlos P\u00e9rez, quien llevaba ox\u00edgeno a domicilio para los paciente con covid-19, logr\u00f3 vencer la enfermedad tras permanecer 25 d\u00edas aislado y con monitoreo m\u00e9dico en la casa de la catedral de [&hellip;]<\/p>\n","protected":false},"author":1,"featured_media":97169,"comment_status":"closed","ping_status":"closed","sticky":false,"template":"","format":"standard","meta":{"rop_custom_images_group":[],"rop_custom_messages_group":[],"rop_publish_now":"initial","rop_publish_now_accounts":[],"rop_publish_now_history":[],"rop_publish_now_status":"pending","footnotes":""},"categories":[10],"tags":[978,6322],"class_list":["post-97168","post","type-post","status-publish","format-standard","has-post-thumbnail","hentry","category-actualidad-municipal","tag-cajamarca","tag-covid-segunda-ola"],"_links":{"self":[{"href":"https:\/\/elinformanteperu.com\/index.php\/wp-json\/wp\/v2\/posts\/97168","targetHints":{"allow":["GET"]}}],"collection":[{"href":"https:\/\/elinformanteperu.com\/index.php\/wp-json\/wp\/v2\/posts"}],"about":[{"href":"https:\/\/elinformanteperu.com\/index.php\/wp-json\/wp\/v2\/types\/post"}],"author":[{"embeddable":true,"href":"https:\/\/elinformanteperu.com\/index.php\/wp-json\/wp\/v2\/users\/1"}],"replies":[{"embeddable":true,"href":"https:\/\/elinformanteperu.com\/index.php\/wp-json\/wp\/v2\/comments?post=97168"}],"version-history":[{"count":1,"href":"https:\/\/elinformanteperu.com\/index.php\/wp-json\/wp\/v2\/posts\/97168\/revisions"}],"predecessor-version":[{"id":97170,"href":"https:\/\/elinformanteperu.com\/index.php\/wp-json\/wp\/v2\/posts\/97168\/revisions\/97170"}],"wp:featuredmedia":[{"embeddable":true,"href":"https:\/\/elinformanteperu.com\/index.php\/wp-json\/wp\/v2\/media\/97169"}],"wp:attachment":[{"href":"https:\/\/elinformanteperu.com\/index.php\/wp-json\/wp\/v2\/media?parent=97168"}],"wp:term":[{"taxonomy":"category","embeddable":true,"href":"https:\/\/elinformanteperu.com\/index.php\/wp-json\/wp\/v2\/categories?post=97168"},{"taxonomy":"post_tag","embeddable":true,"href":"https:\/\/elinformanteperu.com\/index.php\/wp-json\/wp\/v2\/tags?post=97168"}],"curies":[{"name":"wp","href":"https:\/\/api.w.org\/{rel}","templated":true}]}}