{"id":9701,"date":"2017-05-08T21:28:58","date_gmt":"2017-05-09T02:28:58","guid":{"rendered":"http:\/\/elinformanteperu.com\/?p=9701"},"modified":"2017-05-08T21:28:58","modified_gmt":"2017-05-09T02:28:58","slug":"ruidiaz-aseguro-que-permanecera-en-morelia-los-proximos-3-anos","status":"publish","type":"post","link":"https:\/\/elinformanteperu.com\/index.php\/2017\/05\/08\/ruidiaz-aseguro-que-permanecera-en-morelia-los-proximos-3-anos\/","title":{"rendered":"Ruid\u00edaz asegur\u00f3 que permanecer\u00e1 en Morelia los pr\u00f3ximos 3 a\u00f1os"},"content":{"rendered":"<p><strong><span style=\"color: #000000;\">El delantero peruano Ra\u00fal Ruid\u00edaz asegur\u00f3 que permanecer\u00e1 con los Monarcas porque \u00abme quedan tres a\u00f1os de contrato\u00bb. Esto lo coment\u00f3 ante los rumores de un inter\u00e9s del Rangers de Escocia por ficharlo.<\/span><\/strong><\/p>\n<p><span style=\"color: #000000;\"><strong>Morelia, 08 Mayo 2017, (ANDINA).-<\/strong> El delantero peruano Ra\u00fal Ruid\u00edaz asegur\u00f3 que permanecer\u00e1 con los Monarcas porque \u00abme quedan tres a\u00f1os de contrato\u00bb. Esto lo coment\u00f3 ante los rumores de un inter\u00e9s del Rangers de Escocia por ficharlo.<\/span><\/p>\n<p><span style=\"color: #000000;\">Morelia venci\u00f3 2-1 al Monterrey en la dram\u00e1tica decimos\u00e9ptima jornada del torneo Clausura-2017. Ruid\u00edaz tuvo la \u00faltima palabra y al minuto 90 con 33 segundos apareci\u00f3 en el \u00e1rea chica del Monterrey para extender el pie derecho, tocar la pelota y hacer un gol triplemente valioso.<\/span><\/p>\n<p><span style=\"color: #000000;\">Con esa anotaci\u00f3n de su goleador peruano, el Morelia no solo logr\u00f3 su permanencia en la primera divisi\u00f3n, adem\u00e1s se meti\u00f3 a la fase de cuartos de final porque en autom\u00e1tico elimin\u00f3 al Am\u00e9rica y al Pachuca que buscaban el \u00faltimo lugar disponible para la liguilla; encima Ruid\u00edaz se consagr\u00f3 campe\u00f3n de goleo individual por segundo torneo consecutivo.<\/span><\/p>\n<p><span style=\"color: #000000;\">\u00abGracias al esfuerzo de todos, dejamos el alma en el campo, estoy muy agradecido por estar en este grupo\u00bb, dijo el atacante inca al final del partido conmovido y con l\u00e1grimas en los ojos.<\/span><\/p>\n<p><span style=\"color: #000000;\">Con ese gol, Ruid\u00edaz cumpli\u00f3 el compromiso que hizo el d\u00eda anterior al partido decisivo contra el Monterrey cuando asegur\u00f3 a la afici\u00f3n que el Morelia ten\u00eda \u00abgarra y temperamento\u00bb suficientes para evitar el descenso.<\/span><\/p>\n<p><span style=\"color: #000000;\">Hasta antes de Ruid\u00edaz, el Morelia nunca hab\u00eda tenido un campe\u00f3n de goleo individual en la primera divisi\u00f3n, y ahora el peruano lo ha logrado dos veces de manera consecutiva.<\/span><\/p>\n<p><span style=\"color: #000000;\">En el Apertura-2016, su primer torneo en el balompi\u00e9 mexicano, Ruid\u00edaz hizo 11 goles; en este Clausura-2017 asegur\u00f3 el t\u00edtulo de mejor artillero con nueve anotaciones y podr\u00eda incrementar su cuenta en la liguilla.<\/span><\/p>\n<p><span style=\"color: #000000;\">Antes de Ruid\u00edaz, otros tres jugadores peruanos han sido campeones de goleo en el balompi\u00e9 azteca: Julio Lores, Juilio Ayll\u00f3n y Johan Fano.<\/span><\/p>\n<p><span style=\"color: #000000;\">Lores lo consigui\u00f3 dos veces en la \u00e9poca amateur con el Necaxa en las temporadas 1931-32 (20) y 1932-33 (8). En la era profesional, Ayll\u00f3n se consagr\u00f3 con el Veracruz en la campa\u00f1a 1949-50 (30), y Fano con el Atlante en el torneo Bicentenario-2010 (10).<\/span><\/p>\n<p><img fetchpriority=\"high\" decoding=\"async\" class=\"aligncenter size-full wp-image-9491\" src=\"http:\/\/elinformanteperu.com\/wp-content\/uploads\/2017\/05\/RUIDIAZ-MEXICO1.jpg\" alt=\"\" width=\"720\" height=\"405\" srcset=\"https:\/\/elinformanteperu.com\/wp-content\/uploads\/2017\/05\/RUIDIAZ-MEXICO1.jpg 720w, https:\/\/elinformanteperu.com\/wp-content\/uploads\/2017\/05\/RUIDIAZ-MEXICO1-300x169.jpg 300w, https:\/\/elinformanteperu.com\/wp-content\/uploads\/2017\/05\/RUIDIAZ-MEXICO1-128x72.jpg 128w, https:\/\/elinformanteperu.com\/wp-content\/uploads\/2017\/05\/RUIDIAZ-MEXICO1-32x18.jpg 32w, https:\/\/elinformanteperu.com\/wp-content\/uploads\/2017\/05\/RUIDIAZ-MEXICO1-620x350.jpg 620w\" sizes=\"(max-width: 720px) 100vw, 720px\" \/><\/p>\n","protected":false},"excerpt":{"rendered":"<p>El delantero peruano Ra\u00fal Ruid\u00edaz asegur\u00f3 que permanecer\u00e1 con los Monarcas porque \u00abme quedan tres a\u00f1os de contrato\u00bb. Esto lo coment\u00f3 ante los rumores de un inter\u00e9s del Rangers de Escocia por ficharlo. Morelia, 08 Mayo 2017, (ANDINA).- El delantero peruano Ra\u00fal Ruid\u00edaz asegur\u00f3 que permanecer\u00e1 con los Monarcas porque \u00abme quedan tres a\u00f1os de [&hellip;]<\/p>\n","protected":false},"author":1,"featured_media":9702,"comment_status":"open","ping_status":"open","sticky":false,"template":"","format":"standard","meta":{"rop_custom_images_group":[],"rop_custom_messages_group":[],"rop_publish_now":"initial","rop_publish_now_accounts":[],"rop_publish_now_history":[],"rop_publish_now_status":"pending","footnotes":""},"categories":[8],"tags":[840,669],"class_list":["post-9701","post","type-post","status-publish","format-standard","has-post-thumbnail","hentry","category-disciplinas-deportivas","tag-monarcas-morelia","tag-raul-ruidiaz"],"_links":{"self":[{"href":"https:\/\/elinformanteperu.com\/index.php\/wp-json\/wp\/v2\/posts\/9701","targetHints":{"allow":["GET"]}}],"collection":[{"href":"https:\/\/elinformanteperu.com\/index.php\/wp-json\/wp\/v2\/posts"}],"about":[{"href":"https:\/\/elinformanteperu.com\/index.php\/wp-json\/wp\/v2\/types\/post"}],"author":[{"embeddable":true,"href":"https:\/\/elinformanteperu.com\/index.php\/wp-json\/wp\/v2\/users\/1"}],"replies":[{"embeddable":true,"href":"https:\/\/elinformanteperu.com\/index.php\/wp-json\/wp\/v2\/comments?post=9701"}],"version-history":[{"count":1,"href":"https:\/\/elinformanteperu.com\/index.php\/wp-json\/wp\/v2\/posts\/9701\/revisions"}],"predecessor-version":[{"id":9703,"href":"https:\/\/elinformanteperu.com\/index.php\/wp-json\/wp\/v2\/posts\/9701\/revisions\/9703"}],"wp:featuredmedia":[{"embeddable":true,"href":"https:\/\/elinformanteperu.com\/index.php\/wp-json\/wp\/v2\/media\/9702"}],"wp:attachment":[{"href":"https:\/\/elinformanteperu.com\/index.php\/wp-json\/wp\/v2\/media?parent=9701"}],"wp:term":[{"taxonomy":"category","embeddable":true,"href":"https:\/\/elinformanteperu.com\/index.php\/wp-json\/wp\/v2\/categories?post=9701"},{"taxonomy":"post_tag","embeddable":true,"href":"https:\/\/elinformanteperu.com\/index.php\/wp-json\/wp\/v2\/tags?post=9701"}],"curies":[{"name":"wp","href":"https:\/\/api.w.org\/{rel}","templated":true}]}}