{"id":9698,"date":"2017-05-08T01:08:12","date_gmt":"2017-05-08T06:08:12","guid":{"rendered":"http:\/\/elinformanteperu.com\/?p=9698"},"modified":"2017-05-08T01:08:12","modified_gmt":"2017-05-08T06:08:12","slug":"villaran-y-castaneda-deben-someterse-a-investigaciones-afirman","status":"publish","type":"post","link":"https:\/\/elinformanteperu.com\/index.php\/2017\/05\/08\/villaran-y-castaneda-deben-someterse-a-investigaciones-afirman\/","title":{"rendered":"Villar\u00e1n y Casta\u00f1eda deben someterse a investigaciones, afirman"},"content":{"rendered":"<p><strong><span style=\"color: #000000;\">La exalcaldesa Susana Villar\u00e1n y el actual burgomaestre de Lima, Luis Casta\u00f1eda, deben someterse a las investigaciones relacionadas con\u00a0la empresa Odebrecht, sostuvo el exfiscal Avelino Guill\u00e9n.<\/span><\/strong><\/p>\n<p><span style=\"color: #000000;\"><strong>Lima, 07 Mayo 2017, (ANDINA).-<\/strong> La exalcaldesa Susana Villar\u00e1n y el actual burgomaestre de Lima, Luis Casta\u00f1eda, deben someterse a las investigaciones relacionadas a la denuncia de un presunto pago de coimas por la concesi\u00f3n del proyecto Rutas de Lima a favor de la empresa Odebrecht, sostuvo el exfiscal Avelino Guill\u00e9n.<\/span><\/p>\n<p><span style=\"color: #000000;\">\u201cSon hechos de extrema gravedad y se tienen que investigar a profundidad para determinar que funcionarios estuvieron involucrados en esas pr\u00e1cticas corruptas\u201d, declar\u00f3 a la Agencia Andina.<\/span><\/p>\n<p><span style=\"color: #000000;\">Indic\u00f3 que ante los documentos encontrados como correos de pagos, hojas de c\u00e1lculo y otros elementos, \u201cirremediablemente se debe hacer una investigaci\u00f3n\u201d<\/span><\/p>\n<p><span style=\"color: #000000;\">Remarc\u00f3 que tanto Villar\u00e1n como Casta\u00f1eda tienen que allanarse a los esclarecimientos correspondientes porque ninguna persona puede ser excluida.<\/span><\/p>\n<p><span style=\"color: #000000;\">Se\u00f1al\u00f3 que los documentos que se han presentado \u201cllevan al convencimiento que se produjeron hechos ilegales en la tramitaci\u00f3n del otorgamiento de la concesi\u00f3n de Las Rutas de Lima\u201d.<\/span><\/p>\n<p><span style=\"color: #000000;\">De acuerdo a la informaci\u00f3n publicada por el portal Convoca.pe, en las planillas del Departamento de Operaciones Estructuradas de Odebrecht, aparece la concesi\u00f3n de las Rutas de Lima, una cifra de dinero que alcanzar\u00eda los 700,000 d\u00f3lares.<\/span><\/p>\n<p><span style=\"color: #000000;\">El proyecto Rutas de Lima fue creado en el segundo gobierno municipal de Luis Casta\u00f1eda en el 2010 y el contrato de concesi\u00f3n se firm\u00f3 en el 2013 cuando Susana Villar\u00e1n era alcaldesa de Lima.<\/span><\/p>\n<p><span style=\"color: #000000;\">Rutas de Lima contempla la operaci\u00f3n y mantenimiento de 31.5 kil\u00f3metros de la Panamericana Norte y 54.1 kil\u00f3metros de la Panamericana Sur y la extensi\u00f3n de 19 kil\u00f3metros de la autopista Ramiro Prial\u00e9.<\/span><\/p>\n","protected":false},"excerpt":{"rendered":"<p>La exalcaldesa Susana Villar\u00e1n y el actual burgomaestre de Lima, Luis Casta\u00f1eda, deben someterse a las investigaciones relacionadas con\u00a0la empresa Odebrecht, sostuvo el exfiscal Avelino Guill\u00e9n. Lima, 07 Mayo 2017, (ANDINA).- La exalcaldesa Susana Villar\u00e1n y el actual burgomaestre de Lima, Luis Casta\u00f1eda, deben someterse a las investigaciones relacionadas a la denuncia de un presunto [&hellip;]<\/p>\n","protected":false},"author":1,"featured_media":8098,"comment_status":"open","ping_status":"open","sticky":false,"template":"","format":"standard","meta":{"rop_custom_images_group":[],"rop_custom_messages_group":[],"rop_publish_now":"initial","rop_publish_now_accounts":[],"rop_publish_now_history":[],"rop_publish_now_status":"pending","footnotes":""},"categories":[5],"tags":[1339,206,619,776],"class_list":["post-9698","post","type-post","status-publish","format-standard","has-post-thumbnail","hentry","category-actualidad-informativa","tag-avelino-guillen","tag-luis-castaneda-lossio","tag-odebrecht","tag-susana-villaran"],"_links":{"self":[{"href":"https:\/\/elinformanteperu.com\/index.php\/wp-json\/wp\/v2\/posts\/9698","targetHints":{"allow":["GET"]}}],"collection":[{"href":"https:\/\/elinformanteperu.com\/index.php\/wp-json\/wp\/v2\/posts"}],"about":[{"href":"https:\/\/elinformanteperu.com\/index.php\/wp-json\/wp\/v2\/types\/post"}],"author":[{"embeddable":true,"href":"https:\/\/elinformanteperu.com\/index.php\/wp-json\/wp\/v2\/users\/1"}],"replies":[{"embeddable":true,"href":"https:\/\/elinformanteperu.com\/index.php\/wp-json\/wp\/v2\/comments?post=9698"}],"version-history":[{"count":1,"href":"https:\/\/elinformanteperu.com\/index.php\/wp-json\/wp\/v2\/posts\/9698\/revisions"}],"predecessor-version":[{"id":9699,"href":"https:\/\/elinformanteperu.com\/index.php\/wp-json\/wp\/v2\/posts\/9698\/revisions\/9699"}],"wp:featuredmedia":[{"embeddable":true,"href":"https:\/\/elinformanteperu.com\/index.php\/wp-json\/wp\/v2\/media\/8098"}],"wp:attachment":[{"href":"https:\/\/elinformanteperu.com\/index.php\/wp-json\/wp\/v2\/media?parent=9698"}],"wp:term":[{"taxonomy":"category","embeddable":true,"href":"https:\/\/elinformanteperu.com\/index.php\/wp-json\/wp\/v2\/categories?post=9698"},{"taxonomy":"post_tag","embeddable":true,"href":"https:\/\/elinformanteperu.com\/index.php\/wp-json\/wp\/v2\/tags?post=9698"}],"curies":[{"name":"wp","href":"https:\/\/api.w.org\/{rel}","templated":true}]}}