{"id":9684,"date":"2017-05-08T00:37:04","date_gmt":"2017-05-08T05:37:04","guid":{"rendered":"http:\/\/elinformanteperu.com\/?p=9684"},"modified":"2017-05-08T00:37:04","modified_gmt":"2017-05-08T05:37:04","slug":"comienzan-a-regir-nuevas-tarifas-de-peaje-a-s-5-30-en-la-via-de-evitamiento","status":"publish","type":"post","link":"https:\/\/elinformanteperu.com\/index.php\/2017\/05\/08\/comienzan-a-regir-nuevas-tarifas-de-peaje-a-s-5-30-en-la-via-de-evitamiento\/","title":{"rendered":"Comienzan a regir nuevas tarifas de peaje a S\/ 5.30 en la V\u00eda de Evitamiento"},"content":{"rendered":"<p><strong><span style=\"color: #000000;\">Comenzaron a regir las nuevas tarifas de S\/ 5.30 en los peajes que van desde el \u00f3valo Habich hasta el Tr\u00e9bol de la avenida Javier Prado.<\/span><\/strong><\/p>\n<p><span style=\"color: #000000;\"><strong>Lima, 07 Mayo 2017, (ANDINA).-<\/strong> Comenzaron a regir las nuevas tarifas de S\/ 5.30 en los peajes que van desde el \u00f3valo Habich hasta el Tr\u00e9bol de la avenida Javier Prado, es decir a lo largo de toda la V\u00eda de Evitamiento.<\/span><\/p>\n<p><span style=\"color: #000000;\">La medida alcanza a los peajes de la autopista Ramiro Prial\u00e9 (este y oeste), Santa Anita, Separadora Industrial (este y oeste), Monterrico (sur y norte) y El Pino.<\/span><\/p>\n<p><span style=\"color: #000000;\">La empresa concesionaria L\u00ednea Amarilla SAC (LAMSAC) inform\u00f3 a los usuarios a trav\u00e9s de volantes sobre el incremento de tarifas que, seg\u00fan explic\u00f3 se trata de un reajuste anual.<\/span><\/p>\n<p><span style=\"color: #000000;\">De esta manera, los veh\u00edculos ligeros la empresa indic\u00f3 que parte de lo pagado por que antes pagaban S\/5.00 ahora abonar\u00e1n S\/ 5.30 y las unidades pesadas que pagaban S\/ 5.00 por eje ahora deber\u00e1n pagar S\/ 5.30.<\/span><\/p>\n<p><span style=\"color: #000000;\">La empresa indic\u00f3 que el dinero que pagan los usuarios e invierte en servicios como seguridad las 24 horas con 34 c\u00e1maras de videovigilancia; mantenimiento de la v\u00eda y asistencia en situaciones de emergencia.<\/span><\/p>\n<p><span style=\"color: #000000;\">El \u00faltimo incremento de las tarifas de peaje en la V\u00eda de Evitamiento fue el 26 de marzo del a\u00f1o 2016.<\/span><\/p>\n","protected":false},"excerpt":{"rendered":"<p>Comenzaron a regir las nuevas tarifas de S\/ 5.30 en los peajes que van desde el \u00f3valo Habich hasta el Tr\u00e9bol de la avenida Javier Prado. Lima, 07 Mayo 2017, (ANDINA).- Comenzaron a regir las nuevas tarifas de S\/ 5.30 en los peajes que van desde el \u00f3valo Habich hasta el Tr\u00e9bol de la avenida [&hellip;]<\/p>\n","protected":false},"author":1,"featured_media":9685,"comment_status":"open","ping_status":"open","sticky":false,"template":"","format":"standard","meta":{"rop_custom_images_group":[],"rop_custom_messages_group":[],"rop_publish_now":"initial","rop_publish_now_accounts":[],"rop_publish_now_history":[],"rop_publish_now_status":"pending","footnotes":""},"categories":[10],"tags":[743],"class_list":["post-9684","post","type-post","status-publish","format-standard","has-post-thumbnail","hentry","category-actualidad-municipal","tag-peajes"],"_links":{"self":[{"href":"https:\/\/elinformanteperu.com\/index.php\/wp-json\/wp\/v2\/posts\/9684","targetHints":{"allow":["GET"]}}],"collection":[{"href":"https:\/\/elinformanteperu.com\/index.php\/wp-json\/wp\/v2\/posts"}],"about":[{"href":"https:\/\/elinformanteperu.com\/index.php\/wp-json\/wp\/v2\/types\/post"}],"author":[{"embeddable":true,"href":"https:\/\/elinformanteperu.com\/index.php\/wp-json\/wp\/v2\/users\/1"}],"replies":[{"embeddable":true,"href":"https:\/\/elinformanteperu.com\/index.php\/wp-json\/wp\/v2\/comments?post=9684"}],"version-history":[{"count":1,"href":"https:\/\/elinformanteperu.com\/index.php\/wp-json\/wp\/v2\/posts\/9684\/revisions"}],"predecessor-version":[{"id":9686,"href":"https:\/\/elinformanteperu.com\/index.php\/wp-json\/wp\/v2\/posts\/9684\/revisions\/9686"}],"wp:featuredmedia":[{"embeddable":true,"href":"https:\/\/elinformanteperu.com\/index.php\/wp-json\/wp\/v2\/media\/9685"}],"wp:attachment":[{"href":"https:\/\/elinformanteperu.com\/index.php\/wp-json\/wp\/v2\/media?parent=9684"}],"wp:term":[{"taxonomy":"category","embeddable":true,"href":"https:\/\/elinformanteperu.com\/index.php\/wp-json\/wp\/v2\/categories?post=9684"},{"taxonomy":"post_tag","embeddable":true,"href":"https:\/\/elinformanteperu.com\/index.php\/wp-json\/wp\/v2\/tags?post=9684"}],"curies":[{"name":"wp","href":"https:\/\/api.w.org\/{rel}","templated":true}]}}