{"id":96722,"date":"2021-04-28T22:58:35","date_gmt":"2021-04-29T03:58:35","guid":{"rendered":"https:\/\/elinformanteperu.com\/?p=96722"},"modified":"2021-04-28T22:58:35","modified_gmt":"2021-04-29T03:58:35","slug":"rafael-santos-senala-que-votara-por-keiko-fujimori-porque-primero-esta-el-pais","status":"publish","type":"post","link":"https:\/\/elinformanteperu.com\/index.php\/2021\/04\/28\/rafael-santos-senala-que-votara-por-keiko-fujimori-porque-primero-esta-el-pais\/","title":{"rendered":"Rafael Santos se\u00f1ala que votar\u00e1 por Keiko Fujimori porque \u00abprimero est\u00e1 el pa\u00eds\u00bb"},"content":{"rendered":"<p><span style=\"color: #000000;\"><strong>Lima, 28 de Abril, (ANDINA).-<\/strong> El excandidato por Per\u00fa Patria Segura Rafael Santos dijo que votar\u00e1 en segunda vuelta por la candidata Keiko Fujimori, aun cuando le cuesta hacerlo, porque primero est\u00e1 el pa\u00eds.<\/span><\/p>\n<p><span style=\"color: #000000;\">\u201cNo soy keikista, no soy fujimorista y me cuesta votar por Keiko, me cuesta mucho; pero quiero m\u00e1s a mi pa\u00eds que el odio que puede tener, me cuesta mucho, pero lo voy a tener que hacer porque mi pa\u00eds est\u00e1 primero, el futuro de mis hijos est\u00e1 primero\u201d, dijo en radio Exitosa.<\/span><\/p>\n<p><span style=\"color: #000000;\">Dijo que exigir\u00e1 p\u00fablicamente a la candidata Fujimori crear una secretar\u00eda anticorrupci\u00f3n adscrita a la Presidencia del Consejo de Ministros, con rango ministerial y que participe de las reuniones del Consejo de Ministros.<\/span><\/p>\n<p><span style=\"color: #000000;\">Esta secretar\u00eda, seg\u00fan asegur\u00f3, deber\u00eda articular acciones con la Contralor\u00eda, la Polic\u00eda y la Fiscal\u00eda para realizar auditor\u00edas en los ministerios, gobiernos regionales y locales en contra de quienes cometen actos de corrupci\u00f3n.<\/span><\/p>\n<p><span style=\"color: #000000;\">Consider\u00f3 que la candidatura de Pedro Castillo tiene una posici\u00f3n muy radical, ideologizada, que llegar\u00e1 para quedarse y que plantea \u201cuna ideolog\u00eda trasnochada que ha fracasado en Cuba y Venezuela\u201d.<\/span><\/p>\n<p><span style=\"color: #000000;\">\u201cTenemos otra opci\u00f3n, pueda que sea mala, pero no es la peor, as\u00ed sea una K, una Z o Y, cualquier cosa ser\u00e1 mejor que una ideolog\u00eda marxista, leninista que no va a salir del poder; desde Chiclayo est\u00e1 incitando a que el pueblo se levante si no sale elegido, eso es generar odio\u201d, apunt\u00f3.<\/span><\/p>\n<p><span style=\"color: #000000;\">Santos dijo ser de las personas que cree que se deben construir puentes para unir a los peruanos que viven a un \u201clado del r\u00edo y del otro\u201d, y no de construir muros que impiden el desarrollo y no traer\u00e1n progreso.<\/span><\/p>\n<p><span style=\"color: #000000;\">En ese marco dijo dudar de un eventual triunfo de Castillo, porque los peruanos, por m\u00e1s humildes que sean, son inteligentes y no van a respaldar una propuesta que llev\u00f3 al Parlamento a personas vinculadas al terrorismo, responsable de la muerte de miles de peruanos.<\/span><\/p>\n","protected":false},"excerpt":{"rendered":"<p>Lima, 28 de Abril, (ANDINA).- El excandidato por Per\u00fa Patria Segura Rafael Santos dijo que votar\u00e1 en segunda vuelta por la candidata Keiko Fujimori, aun cuando le cuesta hacerlo, porque primero est\u00e1 el pa\u00eds. \u201cNo soy keikista, no soy fujimorista y me cuesta votar por Keiko, me cuesta mucho; pero quiero m\u00e1s a mi pa\u00eds [&hellip;]<\/p>\n","protected":false},"author":1,"featured_media":96723,"comment_status":"closed","ping_status":"closed","sticky":false,"template":"","format":"standard","meta":{"rop_custom_images_group":[],"rop_custom_messages_group":[],"rop_publish_now":"initial","rop_publish_now_accounts":[],"rop_publish_now_history":[],"rop_publish_now_status":"pending","footnotes":""},"categories":[10],"tags":[6466,557,6175,6176],"class_list":["post-96722","post","type-post","status-publish","format-standard","has-post-thumbnail","hentry","category-actualidad-municipal","tag-elecciones-segunda-vuelta-2021","tag-keiko-fujimori","tag-peru-patria-segura","tag-rafael-santos"],"_links":{"self":[{"href":"https:\/\/elinformanteperu.com\/index.php\/wp-json\/wp\/v2\/posts\/96722","targetHints":{"allow":["GET"]}}],"collection":[{"href":"https:\/\/elinformanteperu.com\/index.php\/wp-json\/wp\/v2\/posts"}],"about":[{"href":"https:\/\/elinformanteperu.com\/index.php\/wp-json\/wp\/v2\/types\/post"}],"author":[{"embeddable":true,"href":"https:\/\/elinformanteperu.com\/index.php\/wp-json\/wp\/v2\/users\/1"}],"replies":[{"embeddable":true,"href":"https:\/\/elinformanteperu.com\/index.php\/wp-json\/wp\/v2\/comments?post=96722"}],"version-history":[{"count":1,"href":"https:\/\/elinformanteperu.com\/index.php\/wp-json\/wp\/v2\/posts\/96722\/revisions"}],"predecessor-version":[{"id":96724,"href":"https:\/\/elinformanteperu.com\/index.php\/wp-json\/wp\/v2\/posts\/96722\/revisions\/96724"}],"wp:featuredmedia":[{"embeddable":true,"href":"https:\/\/elinformanteperu.com\/index.php\/wp-json\/wp\/v2\/media\/96723"}],"wp:attachment":[{"href":"https:\/\/elinformanteperu.com\/index.php\/wp-json\/wp\/v2\/media?parent=96722"}],"wp:term":[{"taxonomy":"category","embeddable":true,"href":"https:\/\/elinformanteperu.com\/index.php\/wp-json\/wp\/v2\/categories?post=96722"},{"taxonomy":"post_tag","embeddable":true,"href":"https:\/\/elinformanteperu.com\/index.php\/wp-json\/wp\/v2\/tags?post=96722"}],"curies":[{"name":"wp","href":"https:\/\/api.w.org\/{rel}","templated":true}]}}