{"id":96656,"date":"2021-04-26T20:06:15","date_gmt":"2021-04-27T01:06:15","guid":{"rendered":"https:\/\/elinformanteperu.com\/?p=96656"},"modified":"2021-04-26T20:06:15","modified_gmt":"2021-04-27T01:06:15","slug":"presidente-de-federacion-alemana-se-disculpa-por-una-comparacion-con-un-nazi","status":"publish","type":"post","link":"https:\/\/elinformanteperu.com\/index.php\/2021\/04\/26\/presidente-de-federacion-alemana-se-disculpa-por-una-comparacion-con-un-nazi\/","title":{"rendered":"Presidente de Federaci\u00f3n alemana se disculpa por una comparaci\u00f3n con un nazi"},"content":{"rendered":"<p><span style=\"color: #000000;\"><strong>Berl\u00edn, 26 de Abril, (ANDINA).-<\/strong> El presidente de la Federaci\u00f3n Alemana de F\u00fatbol tuvo que disculparse despu\u00e9s de haber comparado a uno de sus colegas con un antiguo juez nazi, mientras la instancia se halla en medio de tensiones internas.<\/span><\/p>\n<p><span style=\"color: #000000;\">\u00abA veces en las pol\u00e9micas se utilizan palabras que no deber\u00edan ser usadas\u00bb, indic\u00f3 Fritz Keller en un comunicado difundido a varios medios, entre ellos Der Spiegel y el peri\u00f3dico Bild.<\/span><\/p>\n<p><span style=\"color: #000000;\">El episodio se produjo despu\u00e9s de una discusi\u00f3n con su vicepresidente Rainer Koch en una reuni\u00f3n el viernes pasado.<\/span><\/p>\n<p><span style=\"color: #000000;\">\u00abMe disculp\u00e9 personalmente y por escrito ante Rainer Koch, quien tuvo la bondad de aceptarlo, mi comparaci\u00f3n fue totalmente inapropiada a ojos de las v\u00edctimas del nacionalsocialismo, lo que lamento profundamente\u00bb, a\u00f1adi\u00f3 el presidente de la DFB.<\/span><\/p>\n<p><span style=\"color: #000000;\">Keller hab\u00eda acusado a su vicepresidente de comportarse como un \u00abFreisler\u00bb, aludiendo a Roland Freisler, antiguo presidente del principal tribunal nazi de 1942 a 1945, y responsable de 2.600 condenas a muerte arbitrarias.<\/span><\/p>\n<p><span style=\"color: #000000;\">El juez nazi conden\u00f3 especialmente a opositores al r\u00e9gimen a la pena capital y particip\u00f3 en la conferencia de Wannsee, en la que los nazis prepararon el exterminio de los jud\u00edos de Europa.<\/span><\/p>\n<p><span style=\"color: #000000;\">Las palabras de Keller tomaron mayor relevancia por cuanto la persona a la que fueron dirigidas es magistrado de profesi\u00f3n, fuera de su cargo en la federaci\u00f3n.<\/span><\/p>\n<p><span style=\"color: #000000;\">Pero el asunto podr\u00eda tener mayor recorrido ya que el secretario general de la Federaci\u00f3n Alemana Friedrich Curtius habr\u00eda llevado el episodio ante el comit\u00e9 de \u00e9tica de la instancia, seg\u00fan varios medios.<\/span><\/p>\n<p><span style=\"color: #000000;\">Este incidente es el \u00faltimo de una serie de conflictos internos y luchas de poder incesantes en el seno de la DFB desde hace meses.<\/span><\/p>\n<p><img fetchpriority=\"high\" decoding=\"async\" class=\"aligncenter size-full wp-image-58461\" src=\"https:\/\/elinformanteperu.com\/wp-content\/uploads\/2019\/10\/alemania55.jpg\" alt=\"\" width=\"1800\" height=\"1198\" srcset=\"https:\/\/elinformanteperu.com\/wp-content\/uploads\/2019\/10\/alemania55.jpg 1800w, https:\/\/elinformanteperu.com\/wp-content\/uploads\/2019\/10\/alemania55-300x200.jpg 300w, https:\/\/elinformanteperu.com\/wp-content\/uploads\/2019\/10\/alemania55-768x511.jpg 768w, https:\/\/elinformanteperu.com\/wp-content\/uploads\/2019\/10\/alemania55-1024x682.jpg 1024w, https:\/\/elinformanteperu.com\/wp-content\/uploads\/2019\/10\/alemania55-128x85.jpg 128w, https:\/\/elinformanteperu.com\/wp-content\/uploads\/2019\/10\/alemania55-32x21.jpg 32w\" sizes=\"(max-width: 1800px) 100vw, 1800px\" \/><\/p>\n","protected":false},"excerpt":{"rendered":"<p>Berl\u00edn, 26 de Abril, (ANDINA).- El presidente de la Federaci\u00f3n Alemana de F\u00fatbol tuvo que disculparse despu\u00e9s de haber comparado a uno de sus colegas con un antiguo juez nazi, mientras la instancia se halla en medio de tensiones internas. \u00abA veces en las pol\u00e9micas se utilizan palabras que no deber\u00edan ser usadas\u00bb, indic\u00f3 Fritz [&hellip;]<\/p>\n","protected":false},"author":1,"featured_media":96657,"comment_status":"closed","ping_status":"closed","sticky":false,"template":"","format":"standard","meta":{"rop_custom_images_group":[],"rop_custom_messages_group":[],"rop_publish_now":"initial","rop_publish_now_accounts":[],"rop_publish_now_history":[],"rop_publish_now_status":"pending","footnotes":""},"categories":[8],"tags":[350],"class_list":["post-96656","post","type-post","status-publish","format-standard","has-post-thumbnail","hentry","category-disciplinas-deportivas","tag-alemania"],"_links":{"self":[{"href":"https:\/\/elinformanteperu.com\/index.php\/wp-json\/wp\/v2\/posts\/96656","targetHints":{"allow":["GET"]}}],"collection":[{"href":"https:\/\/elinformanteperu.com\/index.php\/wp-json\/wp\/v2\/posts"}],"about":[{"href":"https:\/\/elinformanteperu.com\/index.php\/wp-json\/wp\/v2\/types\/post"}],"author":[{"embeddable":true,"href":"https:\/\/elinformanteperu.com\/index.php\/wp-json\/wp\/v2\/users\/1"}],"replies":[{"embeddable":true,"href":"https:\/\/elinformanteperu.com\/index.php\/wp-json\/wp\/v2\/comments?post=96656"}],"version-history":[{"count":1,"href":"https:\/\/elinformanteperu.com\/index.php\/wp-json\/wp\/v2\/posts\/96656\/revisions"}],"predecessor-version":[{"id":96658,"href":"https:\/\/elinformanteperu.com\/index.php\/wp-json\/wp\/v2\/posts\/96656\/revisions\/96658"}],"wp:featuredmedia":[{"embeddable":true,"href":"https:\/\/elinformanteperu.com\/index.php\/wp-json\/wp\/v2\/media\/96657"}],"wp:attachment":[{"href":"https:\/\/elinformanteperu.com\/index.php\/wp-json\/wp\/v2\/media?parent=96656"}],"wp:term":[{"taxonomy":"category","embeddable":true,"href":"https:\/\/elinformanteperu.com\/index.php\/wp-json\/wp\/v2\/categories?post=96656"},{"taxonomy":"post_tag","embeddable":true,"href":"https:\/\/elinformanteperu.com\/index.php\/wp-json\/wp\/v2\/tags?post=96656"}],"curies":[{"name":"wp","href":"https:\/\/api.w.org\/{rel}","templated":true}]}}