{"id":96391,"date":"2021-04-21T22:59:39","date_gmt":"2021-04-22T03:59:39","guid":{"rendered":"https:\/\/elinformanteperu.com\/?p=96391"},"modified":"2021-04-21T22:59:39","modified_gmt":"2021-04-22T03:59:39","slug":"supervisan-cumplimiento-de-uso-del-protector-facial-en-mercados-de-nuevo-chimbote","status":"publish","type":"post","link":"https:\/\/elinformanteperu.com\/index.php\/2021\/04\/21\/supervisan-cumplimiento-de-uso-del-protector-facial-en-mercados-de-nuevo-chimbote\/","title":{"rendered":"Supervisan cumplimiento de uso del protector facial en mercados de Nuevo Chimbote"},"content":{"rendered":"<p><strong><span style=\"color: #000000;\">El director de la Red de Salud Sur advierte que usuarios y comerciantes incumplen esta disposici\u00f3n<\/span><\/strong><\/p>\n<p><span style=\"color: #000000;\"><strong>Chimbote, 21 de Abril, (ANDINA).-<\/strong> Pese a los elevados \u00edndices de contagios y el incremento de fallecimientos a causa del nuevo coronavirus (covid-19), la Red de Salud Pac\u00edfico Sur advirti\u00f3 que los ciudadanos incumplen la disposici\u00f3n del Gobierno referida al uso obligatorio del protector facial en los mercados del distrito de Nuevo Chimbote, en la provincia ancashina del Santa.<\/span><\/p>\n<p><span style=\"color: #000000;\">El personal de la entidad de salud visit\u00f3 tres mercados del distrito: Bellamar, Buenos Aires y La Perlita, y observ\u00f3 el preocupante comportamiento de los usuarios y vendedores, pese a la gravedad del covid-19.<\/span><\/p>\n<p><span style=\"color: #000000;\">El titular de la Red de Salud Pac\u00edfico Sur, Marlon Tello, record\u00f3 que el Ejecutivo emiti\u00f3 el Decreto Supremo 076-2021, que dispone el uso obligatorio del protector facial en centros comerciales, mercados y lugares de alta afluencia de usuarios.<\/span><\/p>\n<p><span style=\"color: #000000;\">\u00abEstamos a m\u00e1s de un a\u00f1o desde que se inici\u00f3 la pandemia, la poblaci\u00f3n ya conoce las medidas de prevenci\u00f3n contra el covid-19, pero se puede ver la falta de responsabilidad y conciencia de las personas que no se cuidan y no quieren a su familia\u00bb, sentenci\u00f3.<\/span><\/p>\n<p><span style=\"color: #000000;\">Exhort\u00f3 a la poblaci\u00f3n a cumplir estrictamente las medidas de prevenci\u00f3n e implementar el uso de doble mascarilla y protector facial; as\u00ed como el lavado frecuente de manos y distanciamiento social.<\/span><\/p>\n<p><strong><span style=\"color: #000000;\">Un enemigo invisible y letal<\/span><\/strong><\/p>\n<p><span style=\"color: #000000;\">Los coronavirus son una gran familia de virus que causan enfermedades que van desde el resfriado com\u00fan hasta enfermedades m\u00e1s graves como el s\u00edndrome respiratorio de Oriente Medio (MERS) o el s\u00edndrome respiratorio agudo severo (SRAS). Pueden transmitirse entre animales y personas.<\/span><\/p>\n<p><span style=\"color: #000000;\">El nuevo coronavirus (covid-19) es una cepa no identificada previamente en humanos, que se propaga de persona a persona, mediante gotitas o part\u00edculas acuosas que se quedan en el ambiente al toser o estornudar. Tambi\u00e9n podr\u00edas contagiarte si mantienes contacto f\u00edsico con una persona infectada.<\/span><\/p>\n","protected":false},"excerpt":{"rendered":"<p>El director de la Red de Salud Sur advierte que usuarios y comerciantes incumplen esta disposici\u00f3n Chimbote, 21 de Abril, (ANDINA).- Pese a los elevados \u00edndices de contagios y el incremento de fallecimientos a causa del nuevo coronavirus (covid-19), la Red de Salud Pac\u00edfico Sur advirti\u00f3 que los ciudadanos incumplen la disposici\u00f3n del Gobierno referida [&hellip;]<\/p>\n","protected":false},"author":1,"featured_media":96392,"comment_status":"closed","ping_status":"closed","sticky":false,"template":"","format":"standard","meta":{"rop_custom_images_group":[],"rop_custom_messages_group":[],"rop_publish_now":"initial","rop_publish_now_accounts":[],"rop_publish_now_history":[],"rop_publish_now_status":"pending","footnotes":""},"categories":[10],"tags":[1388,6322,5905],"class_list":["post-96391","post","type-post","status-publish","format-standard","has-post-thumbnail","hentry","category-actualidad-municipal","tag-chimbote","tag-covid-segunda-ola","tag-protector-facial"],"_links":{"self":[{"href":"https:\/\/elinformanteperu.com\/index.php\/wp-json\/wp\/v2\/posts\/96391","targetHints":{"allow":["GET"]}}],"collection":[{"href":"https:\/\/elinformanteperu.com\/index.php\/wp-json\/wp\/v2\/posts"}],"about":[{"href":"https:\/\/elinformanteperu.com\/index.php\/wp-json\/wp\/v2\/types\/post"}],"author":[{"embeddable":true,"href":"https:\/\/elinformanteperu.com\/index.php\/wp-json\/wp\/v2\/users\/1"}],"replies":[{"embeddable":true,"href":"https:\/\/elinformanteperu.com\/index.php\/wp-json\/wp\/v2\/comments?post=96391"}],"version-history":[{"count":1,"href":"https:\/\/elinformanteperu.com\/index.php\/wp-json\/wp\/v2\/posts\/96391\/revisions"}],"predecessor-version":[{"id":96393,"href":"https:\/\/elinformanteperu.com\/index.php\/wp-json\/wp\/v2\/posts\/96391\/revisions\/96393"}],"wp:featuredmedia":[{"embeddable":true,"href":"https:\/\/elinformanteperu.com\/index.php\/wp-json\/wp\/v2\/media\/96392"}],"wp:attachment":[{"href":"https:\/\/elinformanteperu.com\/index.php\/wp-json\/wp\/v2\/media?parent=96391"}],"wp:term":[{"taxonomy":"category","embeddable":true,"href":"https:\/\/elinformanteperu.com\/index.php\/wp-json\/wp\/v2\/categories?post=96391"},{"taxonomy":"post_tag","embeddable":true,"href":"https:\/\/elinformanteperu.com\/index.php\/wp-json\/wp\/v2\/tags?post=96391"}],"curies":[{"name":"wp","href":"https:\/\/api.w.org\/{rel}","templated":true}]}}