{"id":96388,"date":"2021-04-21T22:24:44","date_gmt":"2021-04-22T03:24:44","guid":{"rendered":"https:\/\/elinformanteperu.com\/?p=96388"},"modified":"2021-04-21T22:24:44","modified_gmt":"2021-04-22T03:24:44","slug":"covid-19-esta-semana-comienza-vacunacion-a-nivel-nacional-de-mayores-de-80-anos","status":"publish","type":"post","link":"https:\/\/elinformanteperu.com\/index.php\/2021\/04\/21\/covid-19-esta-semana-comienza-vacunacion-a-nivel-nacional-de-mayores-de-80-anos\/","title":{"rendered":"Covid-19: esta semana comienza vacunaci\u00f3n a nivel nacional de mayores de 80 a\u00f1os"},"content":{"rendered":"<p><strong><span style=\"color: #000000;\">Empez\u00f3 la distribuci\u00f3n de dosis en regiones, se\u00f1ala ministro de Salud, Oscar Ugarte<\/span><\/strong><\/p>\n<p><span style=\"color: #000000;\"><strong>Lima, 21 de Abril, (ANDINA).-<\/strong> A partir de esta semana, todas las regiones del pa\u00eds sin excepci\u00f3n empezar\u00e1n a vacunar contra el covid-19 a los adultos mayores de 80 a\u00f1os, adelant\u00f3 esta noche el ministro de Salud, Oscar Ugarte.<\/span><\/p>\n<p><span style=\"color: #000000;\">En la conferencia de prensa que se ofreci\u00f3 tras el Consejo de Ministros, Ugarte inform\u00f3 que al tenerse las vacunas de Pfizer y AstraZeneca en suelo peruano \u00abahora estamos en condiciones de ampliar la vacunaci\u00f3n a nivel nacional\u00bb.<\/span><\/p>\n<p><span style=\"color: #000000;\">Explic\u00f3 que el lunes \u00faltimo se suscribi\u00f3 un acuerdo con los gobernadores regionales y sus representantes, en el cual se comprometen a desarrollar la inmunizaci\u00f3n contra el coronavirus en sus respectivos departamentos.<\/span><\/p>\n<p><span style=\"color: #000000;\">\u00abAparte de las vacunas de Pfizer (laboratorio que env\u00eda 200 mil dosis semanales) el d\u00eda domingo pasado el presidente Sagasti recibi\u00f3 las 276 mil dosis de AstraZeneca. Bueno, con esa cantidad de vacunas, se tom\u00f3 la decisi\u00f3n y a partir de esta semana todas las regiones, sin excepci\u00f3n, empezar\u00e1n la vacunaci\u00f3n de adultos mayores de 80 a\u00f1os\u00bb, detall\u00f3.<\/span><\/p>\n<p><span style=\"color: #000000;\">Ugarte a\u00f1adi\u00f3 que ayer, con Ucayali, empez\u00f3 la distribuci\u00f3n de vacunas a las regiones. Ma\u00f1ana jueves se enviar\u00e1n lotes a Ayacucho y Huancavelica y el viernes se har\u00e1 lo propio con Piura y Tumbes y as\u00ed sucesivamente con otras zonas del pa\u00eds.<\/span><\/p>\n<p><span style=\"color: #000000;\">El titular de Salud recalc\u00f3 que en las regiones se har\u00e1 la inmunizaci\u00f3n bajo la misma estrategia territorial aplicada en Lima, es decir que se usar\u00e1 como base de datos el padr\u00f3n del Reniec y no se preguntar\u00e1 a los asistentes si tienen o no seguro de salud porque todos ser\u00e1n vacunados.<\/span><\/p>\n<p><span style=\"color: #000000;\">Del mismo modo, dijo que en Lima y Callao se vacunar\u00e1 desde este viernes 23 a los adultos mayores de 80 a\u00f1os de los otros 27 distritos que no fueron incluidos en la primera fecha. \u00abAhora hemos ampliado los centros de vacunaci\u00f3n y hay 39, habr\u00e1 seguro una asistencia importante de personas\u00bb.<\/span><\/p>\n<p><strong><span style=\"color: #000000;\">Balance en Lima<\/span><\/strong><\/p>\n<p><span style=\"color: #000000;\">Al hacer un balance de las primeras fecha de vacunaci\u00f3n bajo la estrategia territorial en la capital, dijo que desde el viernes \u00faltimo hasta hoy se vacun\u00f3 a 75 mil adultos mayores de 80 a\u00f1os.<\/span><\/p>\n<p><span style=\"color: #000000;\">Sin embargo, anot\u00f3, de acuerdo con el padr\u00f3n de Reniec todav\u00eda faltan m\u00e1s personas, \u00abpero esto no es problema porque la vacunaci\u00f3n contra el coronavirus continuar\u00e1 para ellos en los pr\u00f3ximos d\u00edas\u00bb.<\/span><\/p>\n<p><span style=\"color: #000000;\">Tambi\u00e9n recalc\u00f3 que la pr\u00f3xima semana se iniciar\u00e1 en Lima la inmunizaci\u00f3n de adultos mayores de 70 a 79 a\u00f1os y que progresivamente se ir\u00e1 reduciendo la edad de los vacunados hasta completar los 4 millones 300 mil adultos mayores de 60 a\u00f1os.<\/span><\/p>\n<p><span style=\"color: #000000;\">Consultado sobre la alerta de salud de Estados Unidos, que recomienda a sus ciudadanos no viajar al Per\u00fa debido a la actual situaci\u00f3n de la pandemia, Ugarte indic\u00f3 que cada pa\u00eds tiene la libertad de adoptar las disposiciones que crea conveniente.<\/span><\/p>\n<p><span style=\"color: #000000;\">\u00abEsta alerta est\u00e1 en relaci\u00f3n al incremento de nuevos casos de covid-19 y de los fallecimientos producidos en las \u00faltimas semanas. Estamos en el momento m\u00e1s alto de la segunda ola. Por nuestra parte, estamos redoblando los esfuerzos para enfrentar esta segunda ola y en ese esfuerzo est\u00e1 la aplicaci\u00f3n de las vacunas\u00bb.<\/span><\/p>\n","protected":false},"excerpt":{"rendered":"<p>Empez\u00f3 la distribuci\u00f3n de dosis en regiones, se\u00f1ala ministro de Salud, Oscar Ugarte Lima, 21 de Abril, (ANDINA).- A partir de esta semana, todas las regiones del pa\u00eds sin excepci\u00f3n empezar\u00e1n a vacunar contra el covid-19 a los adultos mayores de 80 a\u00f1os, adelant\u00f3 esta noche el ministro de Salud, Oscar Ugarte. En la conferencia [&hellip;]<\/p>\n","protected":false},"author":1,"featured_media":96389,"comment_status":"closed","ping_status":"closed","sticky":false,"template":"","format":"standard","meta":{"rop_custom_images_group":[],"rop_custom_messages_group":[],"rop_publish_now":"initial","rop_publish_now_accounts":[],"rop_publish_now_history":[],"rop_publish_now_status":"pending","footnotes":""},"categories":[10],"tags":[6322,5939],"class_list":["post-96388","post","type-post","status-publish","format-standard","has-post-thumbnail","hentry","category-actualidad-municipal","tag-covid-segunda-ola","tag-vacunacion"],"_links":{"self":[{"href":"https:\/\/elinformanteperu.com\/index.php\/wp-json\/wp\/v2\/posts\/96388","targetHints":{"allow":["GET"]}}],"collection":[{"href":"https:\/\/elinformanteperu.com\/index.php\/wp-json\/wp\/v2\/posts"}],"about":[{"href":"https:\/\/elinformanteperu.com\/index.php\/wp-json\/wp\/v2\/types\/post"}],"author":[{"embeddable":true,"href":"https:\/\/elinformanteperu.com\/index.php\/wp-json\/wp\/v2\/users\/1"}],"replies":[{"embeddable":true,"href":"https:\/\/elinformanteperu.com\/index.php\/wp-json\/wp\/v2\/comments?post=96388"}],"version-history":[{"count":1,"href":"https:\/\/elinformanteperu.com\/index.php\/wp-json\/wp\/v2\/posts\/96388\/revisions"}],"predecessor-version":[{"id":96390,"href":"https:\/\/elinformanteperu.com\/index.php\/wp-json\/wp\/v2\/posts\/96388\/revisions\/96390"}],"wp:featuredmedia":[{"embeddable":true,"href":"https:\/\/elinformanteperu.com\/index.php\/wp-json\/wp\/v2\/media\/96389"}],"wp:attachment":[{"href":"https:\/\/elinformanteperu.com\/index.php\/wp-json\/wp\/v2\/media?parent=96388"}],"wp:term":[{"taxonomy":"category","embeddable":true,"href":"https:\/\/elinformanteperu.com\/index.php\/wp-json\/wp\/v2\/categories?post=96388"},{"taxonomy":"post_tag","embeddable":true,"href":"https:\/\/elinformanteperu.com\/index.php\/wp-json\/wp\/v2\/tags?post=96388"}],"curies":[{"name":"wp","href":"https:\/\/api.w.org\/{rel}","templated":true}]}}