{"id":96382,"date":"2021-04-21T22:02:35","date_gmt":"2021-04-22T03:02:35","guid":{"rendered":"https:\/\/elinformanteperu.com\/?p=96382"},"modified":"2021-04-21T22:02:35","modified_gmt":"2021-04-22T03:02:35","slug":"paolo-guerrero-afirma-que-la-seleccion-debe-trabajar-en-equipo-para-ir-al-mundial","status":"publish","type":"post","link":"https:\/\/elinformanteperu.com\/index.php\/2021\/04\/21\/paolo-guerrero-afirma-que-la-seleccion-debe-trabajar-en-equipo-para-ir-al-mundial\/","title":{"rendered":"Paolo Guerrero afirma que la selecci\u00f3n debe trabajar en equipo para ir al Mundial"},"content":{"rendered":"<p><strong><span style=\"color: #000000;\">El delantero se convirti\u00f3 en embajador de un conocido supermercado<\/span><\/strong><\/p>\n<p><span style=\"color: #000000;\"><strong>Lima, 21 de Abril, (ANDINA).-<\/strong> El delantero Paolo Guerrero asegur\u00f3 que si la selecci\u00f3n peruana a\u00fan aspira a lograr la clasificaci\u00f3n al Mundial de Catar 2022 debe trabajar en equipo porque solo as\u00ed se podr\u00e1 salir de los \u00faltimos lugares que se encuentran en las eliminatorias sudamericanas.<\/span><\/p>\n<p><span style=\"color: #000000;\">Guerrero no quiso profundizar sobre la postergaci\u00f3n de las fechas 5 y 6 de las eliminatorias (que se debieron realizar en marzo) y m\u00e1s bien se centr\u00f3 en el el trabajo en equipo que debe realizar la escuadra nacional para lograr el principal objetivo.<\/span><\/p>\n<p><span style=\"color: #000000;\">\u00abM\u00e1s all\u00e1 de la postergaci\u00f3n de los partidos, considero que el enfoque debe estar en el trabajo en equipo, que estamos haciendo y que nos ha permitido llegar al Mundial y jugar una final de la Copa Am\u00e9rica\u00bb, coment\u00f3 el goleador del Internacional de Porto Alegre.<\/span><\/p>\n<p><span style=\"color: #000000;\">Luego agreg\u00f3: \u00abSeguir trabajando de esa forma es la consigna. Eso va a permitir luchar para ver si llegamos a conseguir el pr\u00f3ximo objetivo que es clasificar al Mundial de Catar 2022\u00bb.<\/span><\/p>\n<p><span style=\"color: #000000;\">Paolo Guerrero fue presentado como nuevo embajador de la cadena de supermercados Metro.<\/span><\/p>\n<p><img fetchpriority=\"high\" decoding=\"async\" class=\"aligncenter size-full wp-image-52414\" src=\"https:\/\/elinformanteperu.com\/wp-content\/uploads\/2019\/07\/paolo-guerrero-copa-america.jpg\" alt=\"\" width=\"1800\" height=\"1200\" srcset=\"https:\/\/elinformanteperu.com\/wp-content\/uploads\/2019\/07\/paolo-guerrero-copa-america.jpg 1800w, https:\/\/elinformanteperu.com\/wp-content\/uploads\/2019\/07\/paolo-guerrero-copa-america-300x200.jpg 300w, https:\/\/elinformanteperu.com\/wp-content\/uploads\/2019\/07\/paolo-guerrero-copa-america-768x512.jpg 768w, https:\/\/elinformanteperu.com\/wp-content\/uploads\/2019\/07\/paolo-guerrero-copa-america-1024x683.jpg 1024w, https:\/\/elinformanteperu.com\/wp-content\/uploads\/2019\/07\/paolo-guerrero-copa-america-128x85.jpg 128w, https:\/\/elinformanteperu.com\/wp-content\/uploads\/2019\/07\/paolo-guerrero-copa-america-32x21.jpg 32w\" sizes=\"(max-width: 1800px) 100vw, 1800px\" \/><\/p>\n","protected":false},"excerpt":{"rendered":"<p>El delantero se convirti\u00f3 en embajador de un conocido supermercado Lima, 21 de Abril, (ANDINA).- El delantero Paolo Guerrero asegur\u00f3 que si la selecci\u00f3n peruana a\u00fan aspira a lograr la clasificaci\u00f3n al Mundial de Catar 2022 debe trabajar en equipo porque solo as\u00ed se podr\u00e1 salir de los \u00faltimos lugares que se encuentran en las [&hellip;]<\/p>\n","protected":false},"author":1,"featured_media":91412,"comment_status":"closed","ping_status":"closed","sticky":false,"template":"","format":"standard","meta":{"rop_custom_images_group":[],"rop_custom_messages_group":[],"rop_publish_now":"initial","rop_publish_now_accounts":[],"rop_publish_now_history":[],"rop_publish_now_status":"pending","footnotes":""},"categories":[8],"tags":[6044,203],"class_list":["post-96382","post","type-post","status-publish","format-standard","has-post-thumbnail","hentry","category-disciplinas-deportivas","tag-copa-america-2021","tag-paolo-guerrero"],"_links":{"self":[{"href":"https:\/\/elinformanteperu.com\/index.php\/wp-json\/wp\/v2\/posts\/96382","targetHints":{"allow":["GET"]}}],"collection":[{"href":"https:\/\/elinformanteperu.com\/index.php\/wp-json\/wp\/v2\/posts"}],"about":[{"href":"https:\/\/elinformanteperu.com\/index.php\/wp-json\/wp\/v2\/types\/post"}],"author":[{"embeddable":true,"href":"https:\/\/elinformanteperu.com\/index.php\/wp-json\/wp\/v2\/users\/1"}],"replies":[{"embeddable":true,"href":"https:\/\/elinformanteperu.com\/index.php\/wp-json\/wp\/v2\/comments?post=96382"}],"version-history":[{"count":1,"href":"https:\/\/elinformanteperu.com\/index.php\/wp-json\/wp\/v2\/posts\/96382\/revisions"}],"predecessor-version":[{"id":96383,"href":"https:\/\/elinformanteperu.com\/index.php\/wp-json\/wp\/v2\/posts\/96382\/revisions\/96383"}],"wp:featuredmedia":[{"embeddable":true,"href":"https:\/\/elinformanteperu.com\/index.php\/wp-json\/wp\/v2\/media\/91412"}],"wp:attachment":[{"href":"https:\/\/elinformanteperu.com\/index.php\/wp-json\/wp\/v2\/media?parent=96382"}],"wp:term":[{"taxonomy":"category","embeddable":true,"href":"https:\/\/elinformanteperu.com\/index.php\/wp-json\/wp\/v2\/categories?post=96382"},{"taxonomy":"post_tag","embeddable":true,"href":"https:\/\/elinformanteperu.com\/index.php\/wp-json\/wp\/v2\/tags?post=96382"}],"curies":[{"name":"wp","href":"https:\/\/api.w.org\/{rel}","templated":true}]}}