{"id":96380,"date":"2021-04-21T21:59:47","date_gmt":"2021-04-22T02:59:47","guid":{"rendered":"https:\/\/elinformanteperu.com\/?p=96380"},"modified":"2021-04-21T21:59:47","modified_gmt":"2021-04-22T02:59:47","slug":"gareca-aclara-que-ormeno-no-tiene-su-puesto-asegurado-para-la-copa-america","status":"publish","type":"post","link":"https:\/\/elinformanteperu.com\/index.php\/2021\/04\/21\/gareca-aclara-que-ormeno-no-tiene-su-puesto-asegurado-para-la-copa-america\/","title":{"rendered":"Gareca aclara que Orme\u00f1o no tiene su puesto asegurado para la Copa Am\u00e9rica"},"content":{"rendered":"<p><strong><span style=\"color: #000000;\">El martes 27 de abril deber\u00e1 dar la lista de buena fe compuesta por 50 jugadores<\/span><\/strong><\/p>\n<p><span style=\"color: #000000;\"><strong>Lima, 21 de Abril, (ANDINA).-<\/strong> El t\u00e9cnico Ricardo Gareca matiz\u00f3 sus declaraciones sobre la presencia del delantero del Puebla mexicano Santiago Orme\u00f1o en la convocatoria preliminar para la Copa Am\u00e9rica.<\/span><\/p>\n<p><span style=\"color: #000000;\">Si bien en un inicio se interpret\u00f3 que Gareca estaba asegurando la inclusi\u00f3n de Orme\u00f1o en esta lista preliminar de 50 jugadores, el t\u00e9cnico argentino neg\u00f3 en otra entrevista posterior que diera por fija la convocatoria del jugador.<\/span><\/p>\n<p><span style=\"color: #000000;\">\u00abEn ning\u00fan momento dije que Orme\u00f1o est\u00e1 en la lista de 50 jugadores. Dije que est\u00e1 en consideraci\u00f3n de nosotros y est\u00e1 siendo observado\u00bb, se\u00f1al\u00f3 Gareca en declaraciones a la radio peruana Ovaci\u00f3n.<\/span><\/p>\n<p><span style=\"color: #000000;\">\u00abEn estos momentos no puedo asegurar qui\u00e9nes estar\u00e1n en la lista\u00bb, acot\u00f3 el seleccionador, que el martes 27 de abril ofrecer\u00e1 la lista preliminar con 50 jugadores como exige la Confederaci\u00f3n Sudamericana de F\u00fatbol (Conmebol), para disputar esta edici\u00f3n especial de la Copa Am\u00e9rica.<\/span><\/p>\n<p><span style=\"color: #000000;\">Orme\u00f1o, que esta temporada lleva 16 goles en 31 partidos de la liga mexicana, ya se qued\u00f3 el a\u00f1o pasado muy cerca de ser llamado por Gareca para los partidos de Per\u00fa en las eliminatorias sudamericanas de clasificaci\u00f3n para el Mundial de Catar 2022.<\/span><\/p>\n<p><span style=\"color: #000000;\">El jugador del Puebla es nieto del exguardameta peruano nacionalizado mexicano Walter Orme\u00f1o, que lleg\u00f3 a defender la porter\u00eda de la Blanquirroja entre los a\u00f1os 40 y 50, incluida la Copa Am\u00e9rica de 1949, en la que el combinado peruano acab\u00f3 en tercer lugar.<\/span><\/p>\n<p><span style=\"color: #000000;\">En la pr\u00f3xima Copa Am\u00e9rica, una edici\u00f3n especial que deb\u00eda haberse disputado el a\u00f1o pasado pero que se aplaz\u00f3 al 2021 por la pandemia del covid-19; Per\u00fa se medir\u00e1 en la fase de grupos con Brasil, Ecuador, Colombia y Venezuela.<\/span><\/p>\n<p><img fetchpriority=\"high\" decoding=\"async\" class=\"aligncenter size-full wp-image-84228\" src=\"https:\/\/elinformanteperu.com\/wp-content\/uploads\/2020\/10\/ricardo-gareca-peru-brasil.jpg\" alt=\"\" width=\"1800\" height=\"1200\" srcset=\"https:\/\/elinformanteperu.com\/wp-content\/uploads\/2020\/10\/ricardo-gareca-peru-brasil.jpg 1800w, https:\/\/elinformanteperu.com\/wp-content\/uploads\/2020\/10\/ricardo-gareca-peru-brasil-300x200.jpg 300w, https:\/\/elinformanteperu.com\/wp-content\/uploads\/2020\/10\/ricardo-gareca-peru-brasil-1024x683.jpg 1024w, https:\/\/elinformanteperu.com\/wp-content\/uploads\/2020\/10\/ricardo-gareca-peru-brasil-768x512.jpg 768w, https:\/\/elinformanteperu.com\/wp-content\/uploads\/2020\/10\/ricardo-gareca-peru-brasil-1536x1024.jpg 1536w\" sizes=\"(max-width: 1800px) 100vw, 1800px\" \/><\/p>\n","protected":false},"excerpt":{"rendered":"<p>El martes 27 de abril deber\u00e1 dar la lista de buena fe compuesta por 50 jugadores Lima, 21 de Abril, (ANDINA).- El t\u00e9cnico Ricardo Gareca matiz\u00f3 sus declaraciones sobre la presencia del delantero del Puebla mexicano Santiago Orme\u00f1o en la convocatoria preliminar para la Copa Am\u00e9rica. Si bien en un inicio se interpret\u00f3 que Gareca [&hellip;]<\/p>\n","protected":false},"author":1,"featured_media":80979,"comment_status":"closed","ping_status":"closed","sticky":false,"template":"","format":"standard","meta":{"rop_custom_images_group":[],"rop_custom_messages_group":[],"rop_publish_now":"initial","rop_publish_now_accounts":[],"rop_publish_now_history":[],"rop_publish_now_status":"pending","footnotes":""},"categories":[8],"tags":[6044,92,6405],"class_list":["post-96380","post","type-post","status-publish","format-standard","has-post-thumbnail","hentry","category-disciplinas-deportivas","tag-copa-america-2021","tag-ricardo-gareca","tag-santiago-ormeno"],"_links":{"self":[{"href":"https:\/\/elinformanteperu.com\/index.php\/wp-json\/wp\/v2\/posts\/96380","targetHints":{"allow":["GET"]}}],"collection":[{"href":"https:\/\/elinformanteperu.com\/index.php\/wp-json\/wp\/v2\/posts"}],"about":[{"href":"https:\/\/elinformanteperu.com\/index.php\/wp-json\/wp\/v2\/types\/post"}],"author":[{"embeddable":true,"href":"https:\/\/elinformanteperu.com\/index.php\/wp-json\/wp\/v2\/users\/1"}],"replies":[{"embeddable":true,"href":"https:\/\/elinformanteperu.com\/index.php\/wp-json\/wp\/v2\/comments?post=96380"}],"version-history":[{"count":1,"href":"https:\/\/elinformanteperu.com\/index.php\/wp-json\/wp\/v2\/posts\/96380\/revisions"}],"predecessor-version":[{"id":96381,"href":"https:\/\/elinformanteperu.com\/index.php\/wp-json\/wp\/v2\/posts\/96380\/revisions\/96381"}],"wp:featuredmedia":[{"embeddable":true,"href":"https:\/\/elinformanteperu.com\/index.php\/wp-json\/wp\/v2\/media\/80979"}],"wp:attachment":[{"href":"https:\/\/elinformanteperu.com\/index.php\/wp-json\/wp\/v2\/media?parent=96380"}],"wp:term":[{"taxonomy":"category","embeddable":true,"href":"https:\/\/elinformanteperu.com\/index.php\/wp-json\/wp\/v2\/categories?post=96380"},{"taxonomy":"post_tag","embeddable":true,"href":"https:\/\/elinformanteperu.com\/index.php\/wp-json\/wp\/v2\/tags?post=96380"}],"curies":[{"name":"wp","href":"https:\/\/api.w.org\/{rel}","templated":true}]}}