{"id":96340,"date":"2021-04-20T23:27:03","date_gmt":"2021-04-21T04:27:03","guid":{"rendered":"https:\/\/elinformanteperu.com\/?p=96340"},"modified":"2021-04-20T23:27:03","modified_gmt":"2021-04-21T04:27:03","slug":"peru-vuelve-a-reportar-mas-de-400-fallecidos-en-24-horas-por-covid-19","status":"publish","type":"post","link":"https:\/\/elinformanteperu.com\/index.php\/2021\/04\/20\/peru-vuelve-a-reportar-mas-de-400-fallecidos-en-24-horas-por-covid-19\/","title":{"rendered":"Per\u00fa vuelve a reportar m\u00e1s de 400 fallecidos en 24 horas por covid-19"},"content":{"rendered":"<p><strong><span style=\"color: #000000;\">Casos confirmados de covid-19 en el Per\u00fa llegan a un mill\u00f3n 719,088 desde el 6 de marzo de 2020<\/span><\/strong><\/p>\n<p><span style=\"color: #000000;\"><strong>Lima, 20 de Abril, (ANDINA).-<\/strong> El Ministerio de Salud (Minsa) report\u00f3 esta noche 417 fallecidos por covid-19 en las \u00faltimas 24 horas, la segunda cifra oficial m\u00e1s alta de toda la emergencia sanitaria, solo por detr\u00e1s de las 433 v\u00edctimas registradas hace dos d\u00edas en el informe del domingo 18 de abril.<\/span><\/p>\n<p><span style=\"color: #000000;\">Con relaci\u00f3n al procesamiento de muestras moleculares, antig\u00e9nicas y serol\u00f3gicas para el descarte de coronavirus, el Minsa precis\u00f3 que hasta las 22:00 horas del 19 de abril se hab\u00edan procesado muestras para 10 millones 524,419 personas.<\/span><\/p>\n<p><span style=\"color: #000000;\">De todas esas muestras, 8 millones 805,331 tuvieron resultados negativos; en consecuencia, los casos confirmados de covid-19 en el Per\u00fa llegaron hoy a un mill\u00f3n 719,088, contabilizados desde el 6 de marzo de 2020, fecha en que se anunci\u00f3 al llamado \u2018paciente cero\u2019 en Lima.<\/span><\/p>\n<p><strong><span style=\"color: #000000;\">Sintom\u00e1ticos y hospitalizados<\/span><\/strong><\/p>\n<p><span style=\"color: #000000;\">El 19 de abril se registraron resultados de 62,944 personas muestreadas, \u201cde los cuales 3,260 fueron casos sintom\u00e1ticos confirmados de ese d\u00eda\u201d, a\u00f1adi\u00f3 el informe de la autoridad sanitaria. Pero, adem\u00e1s, se a\u00f1adieron 11,301 casos confirmados de los siete d\u00edas anteriores.<\/span><\/p>\n<p><span style=\"color: #000000;\">Con una pandemia en la cresta de su segunda ola, el Ministerio de Salud avanza con la vacunaci\u00f3n de personas mayores de 80 a\u00f1os, tras inmunizar al personal de primera l\u00ednea. No obstante, el sistema hospitalario contin\u00faa bajo fuerte presi\u00f3n y a la fecha hay 15,547 personas internadas por covid-19.<\/span><\/p>\n<p><span style=\"color: #000000;\">De todos los hospitalizados, 2,580 se encuentran en unidades de cuidados intensivos, apoyados con ventilaci\u00f3n mec\u00e1nica. A la par, miles de contagiados se atienden en sus casas, con familiares que intentan por todos los medios conseguir ox\u00edgeno medicinal para los cuadros m\u00e1s graves.<\/span><\/p>\n<p><strong><span style=\"color: #000000;\">Recuperados y fallecidos<\/span><\/strong><\/p>\n<p><span style=\"color: #000000;\">El Minsa inform\u00f3 tambi\u00e9n que de todos los casos confirmados con pruebas covid-19, a la fecha un mill\u00f3n 645,100 personas lograron superar la enfermedad, tras cumplir un per\u00edodo de aislamiento domiciliario o recibir el alta en un establecimiento de salud. Las altas m\u00e9dicas del d\u00eda fueron 315.<\/span><\/p>\n<p><span style=\"color: #000000;\">Con los 417 fallecidos de las \u00faltimas 24 horas, el total de v\u00edctimas mortales de la pandemia en el Per\u00fa lleg\u00f3 a 57,954 desde el inicio del estado de emergencia, en marzo del a\u00f1o anterior. \u201cExpresamos nuestras sentidas condolencias a los familiares en este momento de dolor\u201d, public\u00f3 el Minsa.<\/span><\/p>\n<p><strong><span style=\"color: #000000;\">Medidas preventivas<\/span><\/strong><\/p>\n<p><span style=\"color: #000000;\">A fin de evitar la propagaci\u00f3n de la COVID-19, \u201cel Gobierno recomienda distanciamiento f\u00edsico de al menos un metro de distancia de otra persona, usar mascarilla, lavarse las manos de manera frecuente y usar escudos faciales en el transporte p\u00fablico\u201d.<\/span><\/p>\n<p><span style=\"color: #000000;\">Desde ayer, es obligatorio el uso de protectores faciales para el ingreso de personas a mercados, supermercados, centros comerciales, galer\u00edas y emporios como Gamarra, en La Victoria, y Mesa Redonda, en el centro de Lima.<\/span><\/p>\n","protected":false},"excerpt":{"rendered":"<p>Casos confirmados de covid-19 en el Per\u00fa llegan a un mill\u00f3n 719,088 desde el 6 de marzo de 2020 Lima, 20 de Abril, (ANDINA).- El Ministerio de Salud (Minsa) report\u00f3 esta noche 417 fallecidos por covid-19 en las \u00faltimas 24 horas, la segunda cifra oficial m\u00e1s alta de toda la emergencia sanitaria, solo por detr\u00e1s [&hellip;]<\/p>\n","protected":false},"author":1,"featured_media":96341,"comment_status":"closed","ping_status":"closed","sticky":false,"template":"","format":"standard","meta":{"rop_custom_images_group":[],"rop_custom_messages_group":[],"rop_publish_now":"initial","rop_publish_now_accounts":[],"rop_publish_now_history":[],"rop_publish_now_status":"pending","footnotes":""},"categories":[10,5745],"tags":[6322,388,431],"class_list":["post-96340","post","type-post","status-publish","format-standard","has-post-thumbnail","hentry","category-actualidad-municipal","category-lo-ultimo","tag-covid-segunda-ola","tag-ministerio-de-salud","tag-minsa"],"_links":{"self":[{"href":"https:\/\/elinformanteperu.com\/index.php\/wp-json\/wp\/v2\/posts\/96340","targetHints":{"allow":["GET"]}}],"collection":[{"href":"https:\/\/elinformanteperu.com\/index.php\/wp-json\/wp\/v2\/posts"}],"about":[{"href":"https:\/\/elinformanteperu.com\/index.php\/wp-json\/wp\/v2\/types\/post"}],"author":[{"embeddable":true,"href":"https:\/\/elinformanteperu.com\/index.php\/wp-json\/wp\/v2\/users\/1"}],"replies":[{"embeddable":true,"href":"https:\/\/elinformanteperu.com\/index.php\/wp-json\/wp\/v2\/comments?post=96340"}],"version-history":[{"count":1,"href":"https:\/\/elinformanteperu.com\/index.php\/wp-json\/wp\/v2\/posts\/96340\/revisions"}],"predecessor-version":[{"id":96342,"href":"https:\/\/elinformanteperu.com\/index.php\/wp-json\/wp\/v2\/posts\/96340\/revisions\/96342"}],"wp:featuredmedia":[{"embeddable":true,"href":"https:\/\/elinformanteperu.com\/index.php\/wp-json\/wp\/v2\/media\/96341"}],"wp:attachment":[{"href":"https:\/\/elinformanteperu.com\/index.php\/wp-json\/wp\/v2\/media?parent=96340"}],"wp:term":[{"taxonomy":"category","embeddable":true,"href":"https:\/\/elinformanteperu.com\/index.php\/wp-json\/wp\/v2\/categories?post=96340"},{"taxonomy":"post_tag","embeddable":true,"href":"https:\/\/elinformanteperu.com\/index.php\/wp-json\/wp\/v2\/tags?post=96340"}],"curies":[{"name":"wp","href":"https:\/\/api.w.org\/{rel}","templated":true}]}}