{"id":96337,"date":"2021-04-20T23:23:21","date_gmt":"2021-04-21T04:23:21","guid":{"rendered":"https:\/\/elinformanteperu.com\/?p=96337"},"modified":"2021-04-20T23:23:21","modified_gmt":"2021-04-21T04:23:21","slug":"covid-19-el-protector-facial-minimiza-el-contagio-cuando-la-gente-esta-muy-cerca","status":"publish","type":"post","link":"https:\/\/elinformanteperu.com\/index.php\/2021\/04\/20\/covid-19-el-protector-facial-minimiza-el-contagio-cuando-la-gente-esta-muy-cerca\/","title":{"rendered":"Covid-19: \u00abel protector facial minimiza el contagio cuando la gente est\u00e1 muy cerca\u00bb"},"content":{"rendered":"<p><span style=\"color: #000000;\"><strong>Lima, 20 de Abril, (ANDINA).-<\/strong> El protector facial, que ahora es de uso obligatorio en mercados, conglomerados y centros comerciales, minimiza el contagio del covid-19 en lugares donde las personas est\u00e1n muy pr\u00f3ximas unas de otras, asegur\u00f3 hoy la m\u00e9dica epidemi\u00f3loga Lely Solari.<\/span><\/p>\n<p><span style=\"color: #000000;\">La experta del Instituto Nacional de Salud (INS) dijo que si todos usaran correctamente la doble mascarilla o el respirador KN95 y mantuvieran la distancia social, el protector facial no ser\u00eda necesario porque ya se estar\u00edan elimin\u00e1ndose casi todas las posibilidades de contagio.<\/span><\/p>\n<p><span style=\"color: #000000;\">\u00abEl problema es que no todos lo hacen. Vemos mucha gente en la calle con la mascarilla baja o gente con mascarilla de tela (cuya protecci\u00f3n es baj\u00edsima)&#8230;es decir todav\u00eda no se cumplen a gran escala las medidas para prevenir la transmisi\u00f3n, ese es el problema\u00bb, coment\u00f3 en ATV.<\/span><\/p>\n<p><span style=\"color: #000000;\">Solari refiri\u00f3 que por esta raz\u00f3n el Gobierno ha dispuesto el uso del protector facial, como medida adicional a la mascarilla, en lugares como centros comerciales, mercados, supermercados, conglomerados y tiendas por departamento.<\/span><\/p>\n<p><span style=\"color: #000000;\">Explic\u00f3 que, desde hace semanas, el INS ya tiene mucha evidencia de que el virus del covid-19 no solo se transmite por gotitas respiratorias sino tambi\u00e9n por aerosoles (transmisi\u00f3n por aire).<\/span><\/p>\n<p><span style=\"color: #000000;\">Cabe indicar que cuando las personas con covid-19 tosen, estornudan, cantan, hablan o respiran producen gotitas respiratorias grandes o peque\u00f1as. En cambio, se denomina transmisi\u00f3n por aire cuando esas part\u00edculas o gotitas respiratorias se quedan suspendidas en el aire durante minutos u horas.<\/span><\/p>\n<p><span style=\"color: #000000;\">La especialista record\u00f3 que las medidas destinadas a minimizar la transmisi\u00f3n por aire son la ventilaci\u00f3n de lugares cerrados, el uso de espacios abiertos, al igual que la doble mascarilla y el uso del respirador KN95.<\/span><\/p>\n<p><span style=\"color: #000000;\">Pero sigue existiendo la transmisi\u00f3n por gotitas que, anot\u00f3, no llegan a m\u00e1s de dos metros y pasa entre gente que est\u00e1 muy pr\u00f3xima entre s\u00ed como suele ocurrir en los mercados o sitios aglomerados. Por eso, dijo, el protector facial previene la transmisi\u00f3n por gotitas en lugares aglomerados, donde lamentablemente la gente no cumple todas las medidas.<\/span><\/p>\n<p><span style=\"color: #000000;\">Asimismo, Solari se refiri\u00f3 a los 417 muertos por covid-19 registrados en el \u00faltimo reporte del Ministerio de Salud y se\u00f1al\u00f3 que la segunda ola tiene similares caracter\u00edsticas a la primera, en el sentido de que se est\u00e1 presentando con una meseta prolongada. \u00abHay varios picos en varios lugares que, si los juntamos, forman esta especie de meseta prolongada, que no tiene cuando bajar\u00bb.<\/span><\/p>\n<p><span style=\"color: #000000;\">Explic\u00f3 que las causas del incremento de los casos positivos y fallecidos se deben b\u00e1sicamente a dos factores: el comportamiento humano, es decir el incumplimiento de las medidas de prevenci\u00f3n, y la introducci\u00f3n de las variantes, como la brasile\u00f1a, que es altamente contagiosa.<\/span><\/p>\n","protected":false},"excerpt":{"rendered":"<p>Lima, 20 de Abril, (ANDINA).- El protector facial, que ahora es de uso obligatorio en mercados, conglomerados y centros comerciales, minimiza el contagio del covid-19 en lugares donde las personas est\u00e1n muy pr\u00f3ximas unas de otras, asegur\u00f3 hoy la m\u00e9dica epidemi\u00f3loga Lely Solari. La experta del Instituto Nacional de Salud (INS) dijo que si todos [&hellip;]<\/p>\n","protected":false},"author":1,"featured_media":96338,"comment_status":"closed","ping_status":"closed","sticky":false,"template":"","format":"standard","meta":{"rop_custom_images_group":[],"rop_custom_messages_group":[],"rop_publish_now":"initial","rop_publish_now_accounts":[],"rop_publish_now_history":[],"rop_publish_now_status":"pending","footnotes":""},"categories":[10],"tags":[6322,5905],"class_list":["post-96337","post","type-post","status-publish","format-standard","has-post-thumbnail","hentry","category-actualidad-municipal","tag-covid-segunda-ola","tag-protector-facial"],"_links":{"self":[{"href":"https:\/\/elinformanteperu.com\/index.php\/wp-json\/wp\/v2\/posts\/96337","targetHints":{"allow":["GET"]}}],"collection":[{"href":"https:\/\/elinformanteperu.com\/index.php\/wp-json\/wp\/v2\/posts"}],"about":[{"href":"https:\/\/elinformanteperu.com\/index.php\/wp-json\/wp\/v2\/types\/post"}],"author":[{"embeddable":true,"href":"https:\/\/elinformanteperu.com\/index.php\/wp-json\/wp\/v2\/users\/1"}],"replies":[{"embeddable":true,"href":"https:\/\/elinformanteperu.com\/index.php\/wp-json\/wp\/v2\/comments?post=96337"}],"version-history":[{"count":1,"href":"https:\/\/elinformanteperu.com\/index.php\/wp-json\/wp\/v2\/posts\/96337\/revisions"}],"predecessor-version":[{"id":96339,"href":"https:\/\/elinformanteperu.com\/index.php\/wp-json\/wp\/v2\/posts\/96337\/revisions\/96339"}],"wp:featuredmedia":[{"embeddable":true,"href":"https:\/\/elinformanteperu.com\/index.php\/wp-json\/wp\/v2\/media\/96338"}],"wp:attachment":[{"href":"https:\/\/elinformanteperu.com\/index.php\/wp-json\/wp\/v2\/media?parent=96337"}],"wp:term":[{"taxonomy":"category","embeddable":true,"href":"https:\/\/elinformanteperu.com\/index.php\/wp-json\/wp\/v2\/categories?post=96337"},{"taxonomy":"post_tag","embeddable":true,"href":"https:\/\/elinformanteperu.com\/index.php\/wp-json\/wp\/v2\/tags?post=96337"}],"curies":[{"name":"wp","href":"https:\/\/api.w.org\/{rel}","templated":true}]}}