{"id":95965,"date":"2021-04-12T00:11:09","date_gmt":"2021-04-12T05:11:09","guid":{"rendered":"https:\/\/elinformanteperu.com\/?p=95965"},"modified":"2021-04-12T00:11:09","modified_gmt":"2021-04-12T05:11:09","slug":"minsa-confirma-8764-recuperados-y-234-fallecidos-por-covid-19-en-24-horas","status":"publish","type":"post","link":"https:\/\/elinformanteperu.com\/index.php\/2021\/04\/12\/minsa-confirma-8764-recuperados-y-234-fallecidos-por-covid-19-en-24-horas\/","title":{"rendered":"Minsa confirma 8,764 recuperados y 234 fallecidos por covid-19 en 24 horas"},"content":{"rendered":"<p><strong><span style=\"color: #000000;\">El total de casos confirmados de covid-19 lleg\u00f3 a un mill\u00f3n 647,694 en todo el pa\u00eds, desde marzo del a\u00f1o pasado<\/span><\/strong><\/p>\n<p><span style=\"color: #000000;\"><strong>Lima, 11 de Abril, (ANDINA).-<\/strong> El Ministerio de Salud (Minsa) confirm\u00f3 hoy 8,764 personas recuperadas del covid-19 en las \u00faltimas horas en todo el pa\u00eds, una jornada en la que tambi\u00e9n se report\u00f3 234 fallecidos por coronavirus.<\/span><\/p>\n<p><span style=\"color: #000000;\">Con relaci\u00f3n al procesamiento de las muestras moleculares, antig\u00e9nicas y serol\u00f3gicas, la autoridad sanitaria precis\u00f3 que hasta las 22:00 horas del 10 de abril, se hab\u00edan procesado muestras para 10 millones 1,832 personas.<\/span><\/p>\n<p><strong><span style=\"color: #000000;\">Negativos y positivos<\/span><\/strong><\/p>\n<p><span style=\"color: #000000;\">De todas esas pruebas, 8 millones 354,138 tuvieron resultados negativos; en consecuencia, a la fecha se han confirmado un mill\u00f3n 647,694 casos de covid-19 en todo el pa\u00eds, desde el 6 de marzo del a\u00f1o pasado.<\/span><\/p>\n<p><span style=\"color: #000000;\">En cuanto a los muestreos del d\u00eda, el Minsa inform\u00f3 que durante el 10 de abril se registraron los resultados de 56 100 personas evaluadas, de los cuales 3,580 fueron casos sintom\u00e1ticos confirmados de ese d\u00eda.<\/span><\/p>\n<p><span style=\"color: #000000;\">Adem\u00e1s, se registraron parcialmente los resultados de 7,927 casos confirmados por covid-19 de los siete d\u00edas anteriores, detall\u00f3 el informe oficial.<\/span><\/p>\n<p><strong><span style=\"color: #000000;\">Hospitalizados y recuperados<\/span><\/strong><\/p>\n<p><span style=\"color: #000000;\">\u201cA la fecha, se tienen 14,512 pacientes hospitalizados por la covid-19, de los cuales 2,302 se encuentran en unidades de cuidados intensivos con ventilaci\u00f3n mec\u00e1nica\u201d, comunic\u00f3 el sector Salud.<\/span><\/p>\n<p><span style=\"color: #000000;\">En relaci\u00f3n con las personas que han superado la pandemia, el Minsa inform\u00f3 que \u2013del total de casos confirmados\u2013 a la fecha, un mill\u00f3n 566,543 personas cumplieron su per\u00edodo de aislamiento domiciliario o recibieron el alta en un establecimiento de salud (1\u2019557,779 en la v\u00edspera).<\/span><\/p>\n<p><strong><span style=\"color: #000000;\">Recuento de v\u00edctimas<\/span><\/strong><\/p>\n<p><span style=\"color: #000000;\">Con los 234 fallecidos de las \u00faltimas 24 horas, la cifra total de v\u00edctimas del covid-19 lleg\u00f3 hoy a 54,903, contabilizadas desde el inicio del estado de emergencia sanitaria en el Per\u00fa, en marzo del a\u00f1o pasado.<\/span><\/p>\n<p><span style=\"color: #000000;\">\u201cExpresamos nuestras sentidas condolencias a los familiares en este momento de dolor\u201d, public\u00f3 el Minsa.<\/span><\/p>\n<p><span style=\"color: #000000;\">En la cresta de la segunda ola, y a fin de evitar la propagaci\u00f3n del covid-19, \u201cel Gobierno recomienda distanciamiento f\u00edsico de al menos un metro de distancia de otra persona, usar mascarilla, lavarse las manos de manera frecuente y usar escudos faciales en el transporte p\u00fablico\u201d.<\/span><\/p>\n","protected":false},"excerpt":{"rendered":"<p>El total de casos confirmados de covid-19 lleg\u00f3 a un mill\u00f3n 647,694 en todo el pa\u00eds, desde marzo del a\u00f1o pasado Lima, 11 de Abril, (ANDINA).- El Ministerio de Salud (Minsa) confirm\u00f3 hoy 8,764 personas recuperadas del covid-19 en las \u00faltimas horas en todo el pa\u00eds, una jornada en la que tambi\u00e9n se report\u00f3 234 [&hellip;]<\/p>\n","protected":false},"author":1,"featured_media":94473,"comment_status":"closed","ping_status":"closed","sticky":false,"template":"","format":"standard","meta":{"rop_custom_images_group":[],"rop_custom_messages_group":[],"rop_publish_now":"initial","rop_publish_now_accounts":[],"rop_publish_now_history":[],"rop_publish_now_status":"pending","footnotes":""},"categories":[10],"tags":[6322,388,431],"class_list":["post-95965","post","type-post","status-publish","format-standard","has-post-thumbnail","hentry","category-actualidad-municipal","tag-covid-segunda-ola","tag-ministerio-de-salud","tag-minsa"],"_links":{"self":[{"href":"https:\/\/elinformanteperu.com\/index.php\/wp-json\/wp\/v2\/posts\/95965","targetHints":{"allow":["GET"]}}],"collection":[{"href":"https:\/\/elinformanteperu.com\/index.php\/wp-json\/wp\/v2\/posts"}],"about":[{"href":"https:\/\/elinformanteperu.com\/index.php\/wp-json\/wp\/v2\/types\/post"}],"author":[{"embeddable":true,"href":"https:\/\/elinformanteperu.com\/index.php\/wp-json\/wp\/v2\/users\/1"}],"replies":[{"embeddable":true,"href":"https:\/\/elinformanteperu.com\/index.php\/wp-json\/wp\/v2\/comments?post=95965"}],"version-history":[{"count":1,"href":"https:\/\/elinformanteperu.com\/index.php\/wp-json\/wp\/v2\/posts\/95965\/revisions"}],"predecessor-version":[{"id":95966,"href":"https:\/\/elinformanteperu.com\/index.php\/wp-json\/wp\/v2\/posts\/95965\/revisions\/95966"}],"wp:featuredmedia":[{"embeddable":true,"href":"https:\/\/elinformanteperu.com\/index.php\/wp-json\/wp\/v2\/media\/94473"}],"wp:attachment":[{"href":"https:\/\/elinformanteperu.com\/index.php\/wp-json\/wp\/v2\/media?parent=95965"}],"wp:term":[{"taxonomy":"category","embeddable":true,"href":"https:\/\/elinformanteperu.com\/index.php\/wp-json\/wp\/v2\/categories?post=95965"},{"taxonomy":"post_tag","embeddable":true,"href":"https:\/\/elinformanteperu.com\/index.php\/wp-json\/wp\/v2\/tags?post=95965"}],"curies":[{"name":"wp","href":"https:\/\/api.w.org\/{rel}","templated":true}]}}