{"id":95959,"date":"2021-04-11T21:50:45","date_gmt":"2021-04-12T02:50:45","guid":{"rendered":"https:\/\/elinformanteperu.com\/?p=95959"},"modified":"2021-04-11T21:50:45","modified_gmt":"2021-04-12T02:50:45","slug":"jne-en-mayo-se-conocera-a-candidatos-que-pasan-a-la-segunda-vuelta","status":"publish","type":"post","link":"https:\/\/elinformanteperu.com\/index.php\/2021\/04\/11\/jne-en-mayo-se-conocera-a-candidatos-que-pasan-a-la-segunda-vuelta\/","title":{"rendered":"JNE: en mayo se conocer\u00e1 a candidatos que pasan a la segunda vuelta"},"content":{"rendered":"<p><span style=\"color: #000000;\"><strong>Lima, 11 de Abril, (ANDINA).-<\/strong> El presidente del Jurado Nacional de Elecciones (JNE), Jorge Luis Salas Arenas, estim\u00f3 que en la primera semana de mayo se resolver\u00eda de manera definitiva qu\u00e9 candidatos entrar\u00edan a la segunda vuelta electoral.<\/span><\/p>\n<p><span style=\"color: #000000;\">\u201cEs una proyecci\u00f3n, pero estar\u00eda resuelto todo, qui\u00e9nes van a la segunda vuelta, la primera semana de mayo, y qui\u00e9nes van definitivamente al Congreso y al Parlamento Andino, la \u00faltima semana de mayo\u201d, recalc\u00f3.<\/span><\/p>\n<p><span style=\"color: #000000;\">En entrevista a TV Per\u00fa manifest\u00f3 que su instituci\u00f3n le dar\u00e1 prioridad al tema de la lista presidencial y as\u00ed resolver la incertidumbre, ya que todo el pa\u00eds est\u00e1 a la expectativa de conocer los resultados.<\/span><\/p>\n<p><span style=\"color: #000000;\">El titular del JNE record\u00f3 que las elecciones del 2006 fueron el 9 de abril y la primera vuelta se resolvi\u00f3 definitivamente el 5 de mayo, tomando 26 d\u00edas para dar a conocer una decisi\u00f3n.<\/span><\/p>\n<p><span style=\"color: #000000;\">Salas Arenas mencion\u00f3 que, en la primera vuelta de las elecciones del 2011, se llevaron a cabo el 10 de abril y se resolvi\u00f3 el 13 de mayo, es decir 33 d\u00edas despu\u00e9s.<\/span><\/p>\n<p><span style=\"color: #000000;\">Mientras que en las elecciones del 2016 la primera vuelta fue el 10 de abril y se revolvi\u00f3 el 9 mayo, 29 d\u00edas despu\u00e9s.<\/span><\/p>\n<p><span style=\"color: #000000;\">Precisamente, esta noche a las 19:00 horas culminaron en el pa\u00eds las elecciones generales para definir al nuevo presidente de la Rep\u00fablica, dos vicepresidentes, 130 parlamentarios y cinco representantes al Parlamento Andino.<\/span><\/p>\n<p><span style=\"color: #000000;\">M\u00e1s de 25 millones de peruanos, mayores de 18 a\u00f1os, fueron llamados a votar en esta jornada, en la cual han participado 18 candidatos a la Presidencia de la Rep\u00fablica.<\/span><\/p>\n","protected":false},"excerpt":{"rendered":"<p>Lima, 11 de Abril, (ANDINA).- El presidente del Jurado Nacional de Elecciones (JNE), Jorge Luis Salas Arenas, estim\u00f3 que en la primera semana de mayo se resolver\u00eda de manera definitiva qu\u00e9 candidatos entrar\u00edan a la segunda vuelta electoral. \u201cEs una proyecci\u00f3n, pero estar\u00eda resuelto todo, qui\u00e9nes van a la segunda vuelta, la primera semana de [&hellip;]<\/p>\n","protected":false},"author":1,"featured_media":95960,"comment_status":"closed","ping_status":"closed","sticky":false,"template":"","format":"standard","meta":{"rop_custom_images_group":[],"rop_custom_messages_group":[],"rop_publish_now":"initial","rop_publish_now_accounts":[],"rop_publish_now_history":[],"rop_publish_now_status":"pending","footnotes":""},"categories":[5],"tags":[5461,184,6216,185],"class_list":["post-95959","post","type-post","status-publish","format-standard","has-post-thumbnail","hentry","category-actualidad-informativa","tag-elecciones-2021","tag-jne","tag-jorge-salas-arenas","tag-jurado-nacional-de-elecciones"],"_links":{"self":[{"href":"https:\/\/elinformanteperu.com\/index.php\/wp-json\/wp\/v2\/posts\/95959","targetHints":{"allow":["GET"]}}],"collection":[{"href":"https:\/\/elinformanteperu.com\/index.php\/wp-json\/wp\/v2\/posts"}],"about":[{"href":"https:\/\/elinformanteperu.com\/index.php\/wp-json\/wp\/v2\/types\/post"}],"author":[{"embeddable":true,"href":"https:\/\/elinformanteperu.com\/index.php\/wp-json\/wp\/v2\/users\/1"}],"replies":[{"embeddable":true,"href":"https:\/\/elinformanteperu.com\/index.php\/wp-json\/wp\/v2\/comments?post=95959"}],"version-history":[{"count":1,"href":"https:\/\/elinformanteperu.com\/index.php\/wp-json\/wp\/v2\/posts\/95959\/revisions"}],"predecessor-version":[{"id":95961,"href":"https:\/\/elinformanteperu.com\/index.php\/wp-json\/wp\/v2\/posts\/95959\/revisions\/95961"}],"wp:featuredmedia":[{"embeddable":true,"href":"https:\/\/elinformanteperu.com\/index.php\/wp-json\/wp\/v2\/media\/95960"}],"wp:attachment":[{"href":"https:\/\/elinformanteperu.com\/index.php\/wp-json\/wp\/v2\/media?parent=95959"}],"wp:term":[{"taxonomy":"category","embeddable":true,"href":"https:\/\/elinformanteperu.com\/index.php\/wp-json\/wp\/v2\/categories?post=95959"},{"taxonomy":"post_tag","embeddable":true,"href":"https:\/\/elinformanteperu.com\/index.php\/wp-json\/wp\/v2\/tags?post=95959"}],"curies":[{"name":"wp","href":"https:\/\/api.w.org\/{rel}","templated":true}]}}