{"id":95704,"date":"2021-04-08T22:25:52","date_gmt":"2021-04-09T03:25:52","guid":{"rendered":"https:\/\/elinformanteperu.com\/?p=95704"},"modified":"2021-04-08T22:25:52","modified_gmt":"2021-04-09T03:25:52","slug":"ayacucho-heridos-en-accidente-vial-que-dejo-9-muertos-son-atendidos-en-hospital-de-puquio","status":"publish","type":"post","link":"https:\/\/elinformanteperu.com\/index.php\/2021\/04\/08\/ayacucho-heridos-en-accidente-vial-que-dejo-9-muertos-son-atendidos-en-hospital-de-puquio\/","title":{"rendered":"Ayacucho: heridos en accidente vial que dej\u00f3 9 muertos son atendidos en Hospital de Puquio"},"content":{"rendered":"<p><strong><span style=\"color: #000000;\">\u00d3mnibus interprovicial de la empresa Civa sufri\u00f3 despiste a la altura del kil\u00f3metro 228 de la v\u00eda Interoce\u00e1nica<\/span><\/strong><\/p>\n<p><span style=\"color: #000000;\"><strong>Ayacucho, 08 de Abril, (ANDINA).-<\/strong> En el Hospital de Apoyo Puquio, en la provincia de Lucanas, son atendidos 25 heridos del accidente vehicular ocurrido hoy en el kil\u00f3metro 228 de la carretera Interoce\u00e1nica, en la regi\u00f3n Ayacucho, que dej\u00f3 al menos 9 personas fallecidas, seg\u00fan reporte del Espacio de Monitoreo y Emergencias y Desastres de la Direcci\u00f3n Regional de Salud (Diresa).<\/span><\/p>\n<p><span style=\"color: #000000;\">Adem\u00e1s, se moviliz\u00f3 9 brigadistas de Intervenci\u00f3n Inicial y 4 ambulancias (hospital Apoyo Puquio: 4, Essalud Puquio: 1 y CGBVP: 1).<\/span><\/p>\n<p><span style=\"color: #000000;\">Un bus interprovincial de la empresa Civa, que se dirig\u00eda de Lima a Ayacucho, sufri\u00f3 esta ma\u00f1ana, alrededor de las 6:30 horas, un despiste y posterior vuelco, inform\u00f3 el Instituto Nacional de Defensa Civil (Indeci).<\/span><\/p>\n<p><span style=\"color: #000000;\">La Direcci\u00f3n Desconcentrada de Indeci &#8211; Ayacucho indic\u00f3 que coordina con los efectivos de la Polic\u00eda Nacional del Per\u00fa para las acciones de primera respuesta.<\/span><\/p>\n<p><span style=\"color: #000000;\">Por su parte, el Centro de Operaciones de Emergencia Sectorial del Ministerio del Interior, dio conocer que personal policial de la Carretera Chalhuanca, se desplaz\u00f3 a la zona de emergencia para brindar el apoyo respectivo.<\/span><\/p>\n<p><span style=\"color: #000000;\">Seg\u00fan informes preliminares de la Polic\u00eda, al parecer el cansancio y el exceso de velocidad habr\u00edan sido las causas del terrible accidente.<\/span><\/p>\n","protected":false},"excerpt":{"rendered":"<p>\u00d3mnibus interprovicial de la empresa Civa sufri\u00f3 despiste a la altura del kil\u00f3metro 228 de la v\u00eda Interoce\u00e1nica Ayacucho, 08 de Abril, (ANDINA).- En el Hospital de Apoyo Puquio, en la provincia de Lucanas, son atendidos 25 heridos del accidente vehicular ocurrido hoy en el kil\u00f3metro 228 de la carretera Interoce\u00e1nica, en la regi\u00f3n Ayacucho, [&hellip;]<\/p>\n","protected":false},"author":1,"featured_media":95705,"comment_status":"closed","ping_status":"closed","sticky":false,"template":"","format":"standard","meta":{"rop_custom_images_group":[],"rop_custom_messages_group":[],"rop_publish_now":"initial","rop_publish_now_accounts":[],"rop_publish_now_history":[],"rop_publish_now_status":"pending","footnotes":""},"categories":[10],"tags":[451,148],"class_list":["post-95704","post","type-post","status-publish","format-standard","has-post-thumbnail","hentry","category-actualidad-municipal","tag-essalud","tag-indeci"],"_links":{"self":[{"href":"https:\/\/elinformanteperu.com\/index.php\/wp-json\/wp\/v2\/posts\/95704","targetHints":{"allow":["GET"]}}],"collection":[{"href":"https:\/\/elinformanteperu.com\/index.php\/wp-json\/wp\/v2\/posts"}],"about":[{"href":"https:\/\/elinformanteperu.com\/index.php\/wp-json\/wp\/v2\/types\/post"}],"author":[{"embeddable":true,"href":"https:\/\/elinformanteperu.com\/index.php\/wp-json\/wp\/v2\/users\/1"}],"replies":[{"embeddable":true,"href":"https:\/\/elinformanteperu.com\/index.php\/wp-json\/wp\/v2\/comments?post=95704"}],"version-history":[{"count":1,"href":"https:\/\/elinformanteperu.com\/index.php\/wp-json\/wp\/v2\/posts\/95704\/revisions"}],"predecessor-version":[{"id":95706,"href":"https:\/\/elinformanteperu.com\/index.php\/wp-json\/wp\/v2\/posts\/95704\/revisions\/95706"}],"wp:featuredmedia":[{"embeddable":true,"href":"https:\/\/elinformanteperu.com\/index.php\/wp-json\/wp\/v2\/media\/95705"}],"wp:attachment":[{"href":"https:\/\/elinformanteperu.com\/index.php\/wp-json\/wp\/v2\/media?parent=95704"}],"wp:term":[{"taxonomy":"category","embeddable":true,"href":"https:\/\/elinformanteperu.com\/index.php\/wp-json\/wp\/v2\/categories?post=95704"},{"taxonomy":"post_tag","embeddable":true,"href":"https:\/\/elinformanteperu.com\/index.php\/wp-json\/wp\/v2\/tags?post=95704"}],"curies":[{"name":"wp","href":"https:\/\/api.w.org\/{rel}","templated":true}]}}