{"id":95607,"date":"2021-04-06T23:49:37","date_gmt":"2021-04-07T04:49:37","guid":{"rendered":"https:\/\/elinformanteperu.com\/?p=95607"},"modified":"2021-04-06T23:59:26","modified_gmt":"2021-04-07T04:59:26","slug":"elecciones-2021-acuna-promete-aumento-para-policias-y-lucha-contra-la-delincuencia","status":"publish","type":"post","link":"https:\/\/elinformanteperu.com\/index.php\/2021\/04\/06\/elecciones-2021-acuna-promete-aumento-para-policias-y-lucha-contra-la-delincuencia\/","title":{"rendered":"Elecciones 2021: Acu\u00f1a promete aumento para polic\u00edas y lucha contra la delincuencia"},"content":{"rendered":"<p><span style=\"color: #000000;\"><strong>Lima, 06 de Abril, (ANDINA).-<\/strong> Durante sus actividades de campa\u00f1a en el distrito de Ate, el candidato a la presidencia de Alianza para el Progreso, C\u00e9sar Acu\u00f1a, indic\u00f3 que, en su eventual gobierno, contratar\u00e1 a 100 mil reservistas para que patrullen las calles.<\/span><\/p>\n<p><span style=\"color: #000000;\">\u201cVoy a invertir en la seguridad y voy a cuidar a los peruanos contratando a 100 mil reservistas en cinco a\u00f1os para que patrullen las calles comandados por la Polic\u00eda Nacional. Quiero tranquilidad para mi pa\u00eds\u201d, expres\u00f3.<\/span><\/p>\n<p><span style=\"color: #000000;\">Asegur\u00f3 que con esta medida se combatir\u00e1 efectivamente la inseguridad ciudadana, y que otra de sus propuestas implica duplicar el sueldo de los polic\u00edas.<\/span><\/p>\n<p><span style=\"color: #000000;\">Adem\u00e1s, de ganar las pr\u00f3ximas Elecciones Generales 2021, Acu\u00f1a remarc\u00f3 su compromiso de vacunar a todos los peruanos antes de fin de a\u00f1o para reactivar la econom\u00eda.<\/span><\/p>\n<p><span style=\"color: #000000;\">\u201cLas vacunas van a ser responsabilidad del Estado peruano y llamaremos a los privados para que nos ayuden. (\u2026) El 31 de diciembre tienen que estar vacunados todos los peruanos para que salgan a trabajar. Buscaremos las 50 millones de vacunas que necesitamos\u201d, asever\u00f3.<\/span><\/p>\n<p><span style=\"color: #000000;\">Asimismo, el candidato de APP mencion\u00f3 que se encargar\u00e1 de buscar un consenso entre el Ejecutivo y el Congreso dialogando con todas las bancadas.<\/span><\/p>\n<p><span style=\"color: #000000;\">\u201cNuestro pa\u00eds necesita un presidente que dialogue y que aprenda a consensuar. Yo conozco lo que pasa dentro del Congreso y voy a dialogar con todas las bancadas. Nunca m\u00e1s habr\u00e1 enfrentamientos entre el Ejecutivo y el Legislativo\u201d, afirm\u00f3.<\/span><\/p>\n","protected":false},"excerpt":{"rendered":"<p>Lima, 06 de Abril, (ANDINA).- Durante sus actividades de campa\u00f1a en el distrito de Ate, el candidato a la presidencia de Alianza para el Progreso, C\u00e9sar Acu\u00f1a, indic\u00f3 que, en su eventual gobierno, contratar\u00e1 a 100 mil reservistas para que patrullen las calles. \u201cVoy a invertir en la seguridad y voy a cuidar a los [&hellip;]<\/p>\n","protected":false},"author":1,"featured_media":95237,"comment_status":"closed","ping_status":"closed","sticky":false,"template":"","format":"standard","meta":{"rop_custom_images_group":[],"rop_custom_messages_group":[],"rop_publish_now":"initial","rop_publish_now_accounts":[],"rop_publish_now_history":[],"rop_publish_now_status":"pending","footnotes":""},"categories":[5],"tags":[275,276,632,5461],"class_list":["post-95607","post","type-post","status-publish","format-standard","has-post-thumbnail","hentry","category-actualidad-informativa","tag-alianza-para-el-progreso","tag-app","tag-cesar-acuna","tag-elecciones-2021"],"_links":{"self":[{"href":"https:\/\/elinformanteperu.com\/index.php\/wp-json\/wp\/v2\/posts\/95607","targetHints":{"allow":["GET"]}}],"collection":[{"href":"https:\/\/elinformanteperu.com\/index.php\/wp-json\/wp\/v2\/posts"}],"about":[{"href":"https:\/\/elinformanteperu.com\/index.php\/wp-json\/wp\/v2\/types\/post"}],"author":[{"embeddable":true,"href":"https:\/\/elinformanteperu.com\/index.php\/wp-json\/wp\/v2\/users\/1"}],"replies":[{"embeddable":true,"href":"https:\/\/elinformanteperu.com\/index.php\/wp-json\/wp\/v2\/comments?post=95607"}],"version-history":[{"count":1,"href":"https:\/\/elinformanteperu.com\/index.php\/wp-json\/wp\/v2\/posts\/95607\/revisions"}],"predecessor-version":[{"id":95608,"href":"https:\/\/elinformanteperu.com\/index.php\/wp-json\/wp\/v2\/posts\/95607\/revisions\/95608"}],"wp:featuredmedia":[{"embeddable":true,"href":"https:\/\/elinformanteperu.com\/index.php\/wp-json\/wp\/v2\/media\/95237"}],"wp:attachment":[{"href":"https:\/\/elinformanteperu.com\/index.php\/wp-json\/wp\/v2\/media?parent=95607"}],"wp:term":[{"taxonomy":"category","embeddable":true,"href":"https:\/\/elinformanteperu.com\/index.php\/wp-json\/wp\/v2\/categories?post=95607"},{"taxonomy":"post_tag","embeddable":true,"href":"https:\/\/elinformanteperu.com\/index.php\/wp-json\/wp\/v2\/tags?post=95607"}],"curies":[{"name":"wp","href":"https:\/\/api.w.org\/{rel}","templated":true}]}}