{"id":95333,"date":"2021-04-03T00:58:50","date_gmt":"2021-04-03T05:58:50","guid":{"rendered":"https:\/\/elinformanteperu.com\/?p=95333"},"modified":"2021-04-03T00:58:50","modified_gmt":"2021-04-03T05:58:50","slug":"surquillo-escolares-sin-tabletas-ni-celulares-podran-estudiar-en-casa-de-la-juventud","status":"publish","type":"post","link":"https:\/\/elinformanteperu.com\/index.php\/2021\/04\/03\/surquillo-escolares-sin-tabletas-ni-celulares-podran-estudiar-en-casa-de-la-juventud\/","title":{"rendered":"Surquillo: escolares sin tabletas ni celulares podr\u00e1n estudiar en Casa de la Juventud"},"content":{"rendered":"<p><span style=\"color: #000000;\"><strong>Lima, 02 de Abril, (ANDINA).-<\/strong> Estudiantes de Surquillo que el a\u00f1o pasado no siguieron las clases debido a la falta del servicio de internet, tel\u00e9fonos de alta gama o computadoras, entre otros, podr\u00e1n estudiar ahora gracias a las facilidades que les brindar\u00e1 la municipalidad de Surquillo a trav\u00e9s de la Casa de la Juventud.<\/span><\/p>\n<p><span style=\"color: #000000;\">La comuna distrital dispuso la habilitaci\u00f3n de salones y espacios seguros en la Casa de la Juventud con el fin de evitar que ni\u00f1os y adolescentes surquillanos se queden sin estudiar por falta de la tecnolog\u00eda o por la precariedad econ\u00f3mica de sus padres.<\/span><\/p>\n<p><span style=\"color: #000000;\">\u00abLa municipalidad no puede ignorar a sus estudiantes y, tan pronto la UGEL detect\u00f3 que m\u00e1s de 100 escolares hab\u00edan presentado deserci\u00f3n el a\u00f1o pasado debido a las carencias tecnol\u00f3gicas, de inmediato se habilit\u00f3 la Casa de la Juventud, hasta donde podr\u00e1n llegar los escolares identificados por turnos para recibir las clases del programa Aprendo en Casa\u00bb, afirm\u00f3 el alcalde, Geancarlo Casassa.<\/span><\/p>\n<p><span style=\"color: #000000;\">En la Casa de la Juventud encontrar\u00e1n internet, computadoras y el servicio de fotocopias de forma gratuita para estudiar. Entre cada escolar habr\u00e1 m\u00e1s de metro y medio de distancia y estar\u00e1n ubicados cerca de las ventanas.<\/span><\/p>\n<p><span style=\"color: #000000;\">Este 5 de abril se acoger\u00e1 a los escolares identificados para recibir las clases de Aprendo en Casa y que puedan seguir adelante, remarc\u00f3 el alcalde Casassa.<\/span><\/p>\n<p><span style=\"color: #000000;\">Las clases durar\u00e1n una hora y media y los protocolos de seguridad ser\u00e1n estrictos, a fin de lograr que los ni\u00f1os no pierdan otro a\u00f1o escolar ni se contagien.<\/span><\/p>\n","protected":false},"excerpt":{"rendered":"<p>Lima, 02 de Abril, (ANDINA).- Estudiantes de Surquillo que el a\u00f1o pasado no siguieron las clases debido a la falta del servicio de internet, tel\u00e9fonos de alta gama o computadoras, entre otros, podr\u00e1n estudiar ahora gracias a las facilidades que les brindar\u00e1 la municipalidad de Surquillo a trav\u00e9s de la Casa de la Juventud. La [&hellip;]<\/p>\n","protected":false},"author":1,"featured_media":95334,"comment_status":"closed","ping_status":"closed","sticky":false,"template":"","format":"standard","meta":{"rop_custom_images_group":[],"rop_custom_messages_group":[],"rop_publish_now":"initial","rop_publish_now_accounts":[],"rop_publish_now_history":[],"rop_publish_now_status":"pending","footnotes":""},"categories":[10],"tags":[1049,3173,4552],"class_list":["post-95333","post","type-post","status-publish","format-standard","has-post-thumbnail","hentry","category-actualidad-municipal","tag-colegios","tag-municipalidad-de-surquillo","tag-surquillo"],"_links":{"self":[{"href":"https:\/\/elinformanteperu.com\/index.php\/wp-json\/wp\/v2\/posts\/95333","targetHints":{"allow":["GET"]}}],"collection":[{"href":"https:\/\/elinformanteperu.com\/index.php\/wp-json\/wp\/v2\/posts"}],"about":[{"href":"https:\/\/elinformanteperu.com\/index.php\/wp-json\/wp\/v2\/types\/post"}],"author":[{"embeddable":true,"href":"https:\/\/elinformanteperu.com\/index.php\/wp-json\/wp\/v2\/users\/1"}],"replies":[{"embeddable":true,"href":"https:\/\/elinformanteperu.com\/index.php\/wp-json\/wp\/v2\/comments?post=95333"}],"version-history":[{"count":1,"href":"https:\/\/elinformanteperu.com\/index.php\/wp-json\/wp\/v2\/posts\/95333\/revisions"}],"predecessor-version":[{"id":95335,"href":"https:\/\/elinformanteperu.com\/index.php\/wp-json\/wp\/v2\/posts\/95333\/revisions\/95335"}],"wp:featuredmedia":[{"embeddable":true,"href":"https:\/\/elinformanteperu.com\/index.php\/wp-json\/wp\/v2\/media\/95334"}],"wp:attachment":[{"href":"https:\/\/elinformanteperu.com\/index.php\/wp-json\/wp\/v2\/media?parent=95333"}],"wp:term":[{"taxonomy":"category","embeddable":true,"href":"https:\/\/elinformanteperu.com\/index.php\/wp-json\/wp\/v2\/categories?post=95333"},{"taxonomy":"post_tag","embeddable":true,"href":"https:\/\/elinformanteperu.com\/index.php\/wp-json\/wp\/v2\/tags?post=95333"}],"curies":[{"name":"wp","href":"https:\/\/api.w.org\/{rel}","templated":true}]}}