{"id":9532,"date":"2017-05-05T01:16:38","date_gmt":"2017-05-05T06:16:38","guid":{"rendered":"http:\/\/elinformanteperu.com\/?p=9532"},"modified":"2017-05-05T01:16:38","modified_gmt":"2017-05-05T06:16:38","slug":"gutierrez-destaca-consenso-para-mejorar-ley-sobre-apologia-del-terrorismo","status":"publish","type":"post","link":"https:\/\/elinformanteperu.com\/index.php\/2017\/05\/05\/gutierrez-destaca-consenso-para-mejorar-ley-sobre-apologia-del-terrorismo\/","title":{"rendered":"Guti\u00e9rrez destaca consenso para mejorar ley sobre apolog\u00eda del terrorismo"},"content":{"rendered":"<p><span style=\"color: #000000;\"><strong>El defensor del Pueblo, Walter Guti\u00e9rrez, destac\u00f3 el consenso logrado en el Congreso para modificar y mejorar la ley sobre apolog\u00eda del terrorismo.<\/strong><\/span><\/p>\n<p><span style=\"color: #000000;\"><strong>Lima, 04 Mayo 2017, (ANDINA).-<\/strong> El defensor del Pueblo, Walter Guti\u00e9rrez, destac\u00f3 el consenso logrado en el Congreso para modificar y mejorar la ley sobre apolog\u00eda del terrorismo, lo cual permitir\u00e1 a la Polic\u00eda Nacional del Per\u00fa (PNP) y al Ministerio P\u00fablico combatir en mejores condiciones a este flagelo.<\/span><\/p>\n<p><span style=\"color: #000000;\">Indic\u00f3 que la actual norma es \u201cdeficiente\u201d, pues con los a\u00f1os la apolog\u00eda del terrorismo fue \u201creconducida\u201d como un agravante de un delito com\u00fan.<\/span><\/p>\n<p><span style=\"color: #000000;\">\u201cEs positivo que de una buena vez el Congreso se ponga de acuerdo, que haya un consenso para acotar bien el tipo penal, porque esto permitir\u00e1 a la Polic\u00eda y la Fiscal\u00eda actuar mejor\u201d, dijo a RPP.<\/span><\/p>\n<p><span style=\"color: #000000;\">Guti\u00e9rrez consider\u00f3 necesario entender cu\u00e1ndo se exalta o justifica al terrorismo y cu\u00e1les son las condiciones para incurrir en ese delito, teniendo en cuenta que el Tribunal Constitucional puso est\u00e1ndares muy altos en este tema.<\/span><\/p>\n<p><span style=\"color: #000000;\">\u201cEn la actual norma existen varios verbos rectores, con lo que no sabemos cu\u00e1ndo existe apolog\u00eda del terrorismo. Todo delito tiene un verbo rector, aqu\u00ed no sabemos qu\u00e9 se entiende por apolog\u00eda del terrorismo y se trata, en este minuto, de una norma cuasi en blanco y sujeta a interpretaci\u00f3n\u201d, manifest\u00f3.<\/span><\/p>\n<p><span style=\"color: #000000;\"><strong>Nuevo enfoque<\/strong><\/span><\/p>\n<p><span style=\"color: #000000;\">En otro momento, explic\u00f3 el proyecto de ley presentado por la Defensor\u00eda del Pueblo, con la finalidad de proponer la implementaci\u00f3n y aplicaci\u00f3n de un enfoque de derechos de las personas afectadas durante la fase de reconstrucci\u00f3n.<\/span><\/p>\n<p><span style=\"color: #000000;\">Sostuvo que, en estos momentos, no existe un padr\u00f3n de afectados ni los sectores vulnerables a los cu\u00e1les atender.<\/span><\/p>\n<p><span style=\"color: #000000;\">\u201cEn este nuevo enfoque hay que involucrar a los ministerios sociales, adem\u00e1s, as\u00ed como estos ministros acudir\u00e1n al Congreso a informar sobre el avance de la reconstrucci\u00f3n, tambi\u00e9n deber\u00e1n hacerlo sobre al avance en la atenci\u00f3n de las personas\u201d, a\u00f1adi\u00f3.<\/span><\/p>\n","protected":false},"excerpt":{"rendered":"<p>El defensor del Pueblo, Walter Guti\u00e9rrez, destac\u00f3 el consenso logrado en el Congreso para modificar y mejorar la ley sobre apolog\u00eda del terrorismo. Lima, 04 Mayo 2017, (ANDINA).- El defensor del Pueblo, Walter Guti\u00e9rrez, destac\u00f3 el consenso logrado en el Congreso para modificar y mejorar la ley sobre apolog\u00eda del terrorismo, lo cual permitir\u00e1 a [&hellip;]<\/p>\n","protected":false},"author":1,"featured_media":9533,"comment_status":"open","ping_status":"open","sticky":false,"template":"","format":"standard","meta":{"rop_custom_images_group":[],"rop_custom_messages_group":[],"rop_publish_now":"initial","rop_publish_now_accounts":[],"rop_publish_now_history":[],"rop_publish_now_status":"pending","footnotes":""},"categories":[5],"tags":[428,520],"class_list":["post-9532","post","type-post","status-publish","format-standard","has-post-thumbnail","hentry","category-actualidad-informativa","tag-defensoria-del-pueblo","tag-walter-gutierrez"],"_links":{"self":[{"href":"https:\/\/elinformanteperu.com\/index.php\/wp-json\/wp\/v2\/posts\/9532","targetHints":{"allow":["GET"]}}],"collection":[{"href":"https:\/\/elinformanteperu.com\/index.php\/wp-json\/wp\/v2\/posts"}],"about":[{"href":"https:\/\/elinformanteperu.com\/index.php\/wp-json\/wp\/v2\/types\/post"}],"author":[{"embeddable":true,"href":"https:\/\/elinformanteperu.com\/index.php\/wp-json\/wp\/v2\/users\/1"}],"replies":[{"embeddable":true,"href":"https:\/\/elinformanteperu.com\/index.php\/wp-json\/wp\/v2\/comments?post=9532"}],"version-history":[{"count":1,"href":"https:\/\/elinformanteperu.com\/index.php\/wp-json\/wp\/v2\/posts\/9532\/revisions"}],"predecessor-version":[{"id":9534,"href":"https:\/\/elinformanteperu.com\/index.php\/wp-json\/wp\/v2\/posts\/9532\/revisions\/9534"}],"wp:featuredmedia":[{"embeddable":true,"href":"https:\/\/elinformanteperu.com\/index.php\/wp-json\/wp\/v2\/media\/9533"}],"wp:attachment":[{"href":"https:\/\/elinformanteperu.com\/index.php\/wp-json\/wp\/v2\/media?parent=9532"}],"wp:term":[{"taxonomy":"category","embeddable":true,"href":"https:\/\/elinformanteperu.com\/index.php\/wp-json\/wp\/v2\/categories?post=9532"},{"taxonomy":"post_tag","embeddable":true,"href":"https:\/\/elinformanteperu.com\/index.php\/wp-json\/wp\/v2\/tags?post=9532"}],"curies":[{"name":"wp","href":"https:\/\/api.w.org\/{rel}","templated":true}]}}