{"id":95295,"date":"2021-04-01T13:59:26","date_gmt":"2021-04-01T18:59:26","guid":{"rendered":"https:\/\/elinformanteperu.com\/?p=95295"},"modified":"2021-04-01T13:59:26","modified_gmt":"2021-04-01T18:59:26","slug":"comenzaron-las-grabaciones-de-siempre-fui-yo-nueva-serie-con-karol-sevilla","status":"publish","type":"post","link":"https:\/\/elinformanteperu.com\/index.php\/2021\/04\/01\/comenzaron-las-grabaciones-de-siempre-fui-yo-nueva-serie-con-karol-sevilla\/","title":{"rendered":"Comenzaron las grabaciones de \u00abSiempre fui yo\u00bb, nueva serie con Karol Sevilla"},"content":{"rendered":"<p><strong><span style=\"color: #000000;\">Con misterio, romance y m\u00fasica original, la producci\u00f3n es \u00edntegramente desarrollada en Latinoam\u00e9rica y est\u00e1 ambientada en el paradis\u00edaco Caribe colombiano. Llegar\u00e1 a Disney+ hacia fines de 2021<\/span><\/strong><\/p>\n<p><span style=\"color: #000000;\"><strong>Lima, 01 de Abril, (El Informante Per\u00fa).-<\/strong> Disney anunci\u00f3 el inicio de grabaciones de Siempre fui yo, una nueva producci\u00f3n original realizada en Latinoam\u00e9rica por The Mediapro Studio (Colombia y Argentina). Protagonizada por la actriz y cantante mexicana Karol Sevilla, el cantante colombiano Pipe Bueno y el reconocido actor colombo-mexicano Christian Tappan, llegar\u00e1 a las pantallas hacia fines de 2021 y promete conquistar a las audiencias con una historia intrigante, llena de misterio, aventura, romance y m\u00fasica en la regi\u00f3n caribe\u00f1a de Colombia.<\/span><\/p>\n<p><img fetchpriority=\"high\" decoding=\"async\" class=\"aligncenter size-full wp-image-95297\" src=\"https:\/\/elinformanteperu.com\/wp-content\/uploads\/2021\/04\/siempre-fui-yo-karol-sevilla1.jpg\" alt=\"\" width=\"1300\" height=\"731\" srcset=\"https:\/\/elinformanteperu.com\/wp-content\/uploads\/2021\/04\/siempre-fui-yo-karol-sevilla1.jpg 1300w, https:\/\/elinformanteperu.com\/wp-content\/uploads\/2021\/04\/siempre-fui-yo-karol-sevilla1-300x169.jpg 300w, https:\/\/elinformanteperu.com\/wp-content\/uploads\/2021\/04\/siempre-fui-yo-karol-sevilla1-1024x576.jpg 1024w, https:\/\/elinformanteperu.com\/wp-content\/uploads\/2021\/04\/siempre-fui-yo-karol-sevilla1-768x432.jpg 768w, https:\/\/elinformanteperu.com\/wp-content\/uploads\/2021\/04\/siempre-fui-yo-karol-sevilla1-620x350.jpg 620w, https:\/\/elinformanteperu.com\/wp-content\/uploads\/2021\/04\/siempre-fui-yo-karol-sevilla1-935x526.jpg 935w\" sizes=\"(max-width: 1300px) 100vw, 1300px\" \/><\/p>\n<p><span style=\"color: #000000;\">&#8216;Siempre fui yo&#8217; sigue las aventuras de Lupe (Karol Sevilla), una chica mexicana cuya vida da un giro inesperado cuando se entera del fallecimiento de su padre, El Fara\u00f3n (Christian Tappan) \u2013la m\u00e1xima estrella musical de Colombia\u2013 y decide dejar atr\u00e1s su M\u00e9xico natal para viajar a Cartagena y asistir al funeral. R\u00e1pidamente, se da cuenta de que all\u00ed nada es lo que parece y decide inscribirse en un concurso musical para estar cerca del entorno de su padre e investigar su sospechosa muerte. Junto a Noah (Pipe Bueno), un joven ex asistente de su padre, Lupe se embarca en una misi\u00f3n llena de peligro, romance y mucha m\u00fasica para esclarecer este misterio en el coraz\u00f3n del Caribe colombiano.<\/span><\/p>\n<p><span style=\"color: #000000;\">La nueva serie cuenta con canciones originales producidas por Mauricio Rengifo y Andr\u00e9s Torres e interpretadas por Karol Sevilla y Pipe Bueno, quienes est\u00e1n acompa\u00f1ados de un talentoso elenco internacional. Las grabaciones se extender\u00e1n hasta mayo de este a\u00f1o en localizaciones reales de las ciudades colombianas de Bogot\u00e1 y Cartagena, entre otras, y en la paradis\u00edaca playa de Bar\u00fa.<\/span><\/p>\n<p><img decoding=\"async\" class=\"aligncenter size-full wp-image-95298\" src=\"https:\/\/elinformanteperu.com\/wp-content\/uploads\/2021\/04\/siempre-fui-yo-karol-sevilla2.jpg\" alt=\"\" width=\"1300\" height=\"731\" srcset=\"https:\/\/elinformanteperu.com\/wp-content\/uploads\/2021\/04\/siempre-fui-yo-karol-sevilla2.jpg 1300w, https:\/\/elinformanteperu.com\/wp-content\/uploads\/2021\/04\/siempre-fui-yo-karol-sevilla2-300x169.jpg 300w, https:\/\/elinformanteperu.com\/wp-content\/uploads\/2021\/04\/siempre-fui-yo-karol-sevilla2-1024x576.jpg 1024w, https:\/\/elinformanteperu.com\/wp-content\/uploads\/2021\/04\/siempre-fui-yo-karol-sevilla2-768x432.jpg 768w, https:\/\/elinformanteperu.com\/wp-content\/uploads\/2021\/04\/siempre-fui-yo-karol-sevilla2-620x350.jpg 620w, https:\/\/elinformanteperu.com\/wp-content\/uploads\/2021\/04\/siempre-fui-yo-karol-sevilla2-935x526.jpg 935w\" sizes=\"(max-width: 1300px) 100vw, 1300px\" \/><\/p>\n<p><span style=\"color: #000000;\">\u201cEstoy muy emocionada de volver a la actuaci\u00f3n y de hacerlo en una historia tan atrapante como Siempre fui yo para una plataforma como Disney+. Estoy segura de que el p\u00fablico de Disney+ la va a amar tanto como yo\u201d, expres\u00f3 Karol Sevilla sobre su participaci\u00f3n en la nueva serie y agreg\u00f3 \u201c\u00a1Me siento muy feliz de regresar a la familia Disney\u00bb.<\/span><\/p>\n<p><span style=\"color: #000000;\">Pipe Bueno, por su parte, coment\u00f3: \u201cHacer mi debut como protagonista en un proyecto 100% latinoamericano y para una plataforma tan relevante como Disney+ es un privilegio \u00fanico. Estoy muy entusiasmado de conectar con la audiencia a trav\u00e9s de mi personaje y de la m\u00fasica incre\u00edble que tendr\u00e1 la serie\u201d.<\/span><\/p>\n<p><img decoding=\"async\" class=\"aligncenter size-full wp-image-95299\" src=\"https:\/\/elinformanteperu.com\/wp-content\/uploads\/2021\/04\/siempre-fui-yo-karol-sevilla3.jpg\" alt=\"\" width=\"1300\" height=\"732\" srcset=\"https:\/\/elinformanteperu.com\/wp-content\/uploads\/2021\/04\/siempre-fui-yo-karol-sevilla3.jpg 1300w, https:\/\/elinformanteperu.com\/wp-content\/uploads\/2021\/04\/siempre-fui-yo-karol-sevilla3-300x169.jpg 300w, https:\/\/elinformanteperu.com\/wp-content\/uploads\/2021\/04\/siempre-fui-yo-karol-sevilla3-1024x577.jpg 1024w, https:\/\/elinformanteperu.com\/wp-content\/uploads\/2021\/04\/siempre-fui-yo-karol-sevilla3-768x432.jpg 768w, https:\/\/elinformanteperu.com\/wp-content\/uploads\/2021\/04\/siempre-fui-yo-karol-sevilla3-620x350.jpg 620w, https:\/\/elinformanteperu.com\/wp-content\/uploads\/2021\/04\/siempre-fui-yo-karol-sevilla3-935x526.jpg 935w\" sizes=\"(max-width: 1300px) 100vw, 1300px\" \/><\/p>\n<p><span style=\"color: #000000;\">Completan el elenco los actores Jos\u00e9 Juli\u00e1n Gaviria (\u201cPipe\u201d), Sim\u00f3n Savi (\u201cCharly\u201d), Antonio Sanint (\u201cLucas Martin\u201d), Adriana Romero (\u201cWendy\u201d), Juliana Vel\u00e1squez (\u201cAngie\u201d), Dub\u00e1n Prado (\u201cSammy\u201d), Alejandro Guti\u00e9rrez (\u201cKevin\u201d), Katherine Escobar (\u201cMercedes\u201d), Eliana Ravent\u00f3s (\u201cLuc\u00eda\u201d), Marisol Correa (\u201cCecilia\u201d) y Felipe Botero (\u201cAriel\u201d).<\/span><\/p>\n<p><span style=\"color: #000000;\">La nueva serie est\u00e1 compuesta por diez episodios de 40 minutos de duraci\u00f3n, y est\u00e1 dirigida por Felipe Cano (Mar\u00eda Magdalena, El Comandante).<\/span><\/p>\n<p><img loading=\"lazy\" decoding=\"async\" class=\"aligncenter size-full wp-image-95300\" src=\"https:\/\/elinformanteperu.com\/wp-content\/uploads\/2021\/04\/siempre-fui-yo-karol-sevilla4.jpg\" alt=\"\" width=\"1300\" height=\"731\" srcset=\"https:\/\/elinformanteperu.com\/wp-content\/uploads\/2021\/04\/siempre-fui-yo-karol-sevilla4.jpg 1300w, https:\/\/elinformanteperu.com\/wp-content\/uploads\/2021\/04\/siempre-fui-yo-karol-sevilla4-300x169.jpg 300w, https:\/\/elinformanteperu.com\/wp-content\/uploads\/2021\/04\/siempre-fui-yo-karol-sevilla4-1024x576.jpg 1024w, https:\/\/elinformanteperu.com\/wp-content\/uploads\/2021\/04\/siempre-fui-yo-karol-sevilla4-768x432.jpg 768w, https:\/\/elinformanteperu.com\/wp-content\/uploads\/2021\/04\/siempre-fui-yo-karol-sevilla4-620x350.jpg 620w, https:\/\/elinformanteperu.com\/wp-content\/uploads\/2021\/04\/siempre-fui-yo-karol-sevilla4-935x526.jpg 935w\" sizes=\"(max-width: 1300px) 100vw, 1300px\" \/><\/p>\n","protected":false},"excerpt":{"rendered":"<p>Con misterio, romance y m\u00fasica original, la producci\u00f3n es \u00edntegramente desarrollada en Latinoam\u00e9rica y est\u00e1 ambientada en el paradis\u00edaco Caribe colombiano. Llegar\u00e1 a Disney+ hacia fines de 2021 Lima, 01 de Abril, (El Informante Per\u00fa).- Disney anunci\u00f3 el inicio de grabaciones de Siempre fui yo, una nueva producci\u00f3n original realizada en Latinoam\u00e9rica por The Mediapro [&hellip;]<\/p>\n","protected":false},"author":1,"featured_media":95296,"comment_status":"closed","ping_status":"closed","sticky":false,"template":"","format":"standard","meta":{"rop_custom_images_group":[],"rop_custom_messages_group":[],"rop_publish_now":"initial","rop_publish_now_accounts":[],"rop_publish_now_history":[],"rop_publish_now_status":"pending","footnotes":""},"categories":[70],"tags":[6451,543,721,6450],"class_list":["post-95295","post","type-post","status-publish","format-standard","has-post-thumbnail","hentry","category-farandula","tag-christian-tappan","tag-disney","tag-karol-sevilla","tag-pipe-bueno"],"_links":{"self":[{"href":"https:\/\/elinformanteperu.com\/index.php\/wp-json\/wp\/v2\/posts\/95295","targetHints":{"allow":["GET"]}}],"collection":[{"href":"https:\/\/elinformanteperu.com\/index.php\/wp-json\/wp\/v2\/posts"}],"about":[{"href":"https:\/\/elinformanteperu.com\/index.php\/wp-json\/wp\/v2\/types\/post"}],"author":[{"embeddable":true,"href":"https:\/\/elinformanteperu.com\/index.php\/wp-json\/wp\/v2\/users\/1"}],"replies":[{"embeddable":true,"href":"https:\/\/elinformanteperu.com\/index.php\/wp-json\/wp\/v2\/comments?post=95295"}],"version-history":[{"count":1,"href":"https:\/\/elinformanteperu.com\/index.php\/wp-json\/wp\/v2\/posts\/95295\/revisions"}],"predecessor-version":[{"id":95301,"href":"https:\/\/elinformanteperu.com\/index.php\/wp-json\/wp\/v2\/posts\/95295\/revisions\/95301"}],"wp:featuredmedia":[{"embeddable":true,"href":"https:\/\/elinformanteperu.com\/index.php\/wp-json\/wp\/v2\/media\/95296"}],"wp:attachment":[{"href":"https:\/\/elinformanteperu.com\/index.php\/wp-json\/wp\/v2\/media?parent=95295"}],"wp:term":[{"taxonomy":"category","embeddable":true,"href":"https:\/\/elinformanteperu.com\/index.php\/wp-json\/wp\/v2\/categories?post=95295"},{"taxonomy":"post_tag","embeddable":true,"href":"https:\/\/elinformanteperu.com\/index.php\/wp-json\/wp\/v2\/tags?post=95295"}],"curies":[{"name":"wp","href":"https:\/\/api.w.org\/{rel}","templated":true}]}}