{"id":95283,"date":"2021-04-01T00:46:21","date_gmt":"2021-04-01T05:46:21","guid":{"rendered":"https:\/\/elinformanteperu.com\/?p=95283"},"modified":"2021-04-01T00:46:21","modified_gmt":"2021-04-01T05:46:21","slug":"elecciones-2021-lopez-aliaga-pide-renovar-la-politica","status":"publish","type":"post","link":"https:\/\/elinformanteperu.com\/index.php\/2021\/04\/01\/elecciones-2021-lopez-aliaga-pide-renovar-la-politica\/","title":{"rendered":"Elecciones 2021: L\u00f3pez Aliaga pide renovar la pol\u00edtica"},"content":{"rendered":"<p><strong><span style=\"color: #000000;\">Durante su participaci\u00f3n en la tercera fecha del debate presidencial organizado por el JNE<\/span><\/strong><\/p>\n<p><span style=\"color: #000000;\"><strong>Lima, 31 de Marzo 2021, (ANDINA).-<\/strong> El candidato presidencial de Renovaci\u00f3n Popular, Rafael L\u00f3pez Aliaga, llam\u00f3 a la ciudadan\u00eda a renovar la pol\u00edtica y el pa\u00eds.<\/span><\/p>\n<p><span style=\"color: #000000;\">Al t\u00e9rmino de su participaci\u00f3n en el debate organizado por el Jurado Nacional de Elecciones (JNE), dijo que el pr\u00f3ximo 28 de julio el Per\u00fa puede empezar a ser diferente.<\/span><\/p>\n<p><span style=\"color: #000000;\">\u00abO nos vamos a ser potencia mundial o vamos a ser Venezuela y seguir con la misma corrupci\u00f3n de tantos presidentes y congresistas corruptos\u00bb, afirm\u00f3 el candidato.<\/span><\/p>\n<p><span style=\"color: #000000;\">\u00abEl Per\u00fa puede ser potencia mundial, s\u00ed se puede. Renovemos el Per\u00fa y la pol\u00edtica\u00bb, enfatiz\u00f3.<\/span><\/p>\n<p><span style=\"color: #000000;\">El debate presidencial se realiz\u00f3 en cumplimiento al compromiso asumido por los partidos pol\u00edticos en el Pacto \u00c9tico Electoral, referido a la exposici\u00f3n de los planes de gobierno.<\/span><\/p>\n<p><span style=\"color: #000000;\">La primera fecha del debate fue el lunes, en la v\u00edspera se desarroll\u00f3 el segundo encuentro y esta noche tuvo lugar la tercera y \u00faltima jornada.<\/span><\/p>\n","protected":false},"excerpt":{"rendered":"<p>Durante su participaci\u00f3n en la tercera fecha del debate presidencial organizado por el JNE Lima, 31 de Marzo 2021, (ANDINA).- El candidato presidencial de Renovaci\u00f3n Popular, Rafael L\u00f3pez Aliaga, llam\u00f3 a la ciudadan\u00eda a renovar la pol\u00edtica y el pa\u00eds. Al t\u00e9rmino de su participaci\u00f3n en el debate organizado por el Jurado Nacional de Elecciones [&hellip;]<\/p>\n","protected":false},"author":1,"featured_media":95284,"comment_status":"closed","ping_status":"closed","sticky":false,"template":"","format":"standard","meta":{"rop_custom_images_group":[],"rop_custom_messages_group":[],"rop_publish_now":"initial","rop_publish_now_accounts":[],"rop_publish_now_history":[],"rop_publish_now_status":"pending","footnotes":""},"categories":[5],"tags":[6409,6154,6155],"class_list":["post-95283","post","type-post","status-publish","format-standard","has-post-thumbnail","hentry","category-actualidad-informativa","tag-debate-presidencial-2021","tag-rafael-lopez-aliaga","tag-renovacion-popular"],"_links":{"self":[{"href":"https:\/\/elinformanteperu.com\/index.php\/wp-json\/wp\/v2\/posts\/95283","targetHints":{"allow":["GET"]}}],"collection":[{"href":"https:\/\/elinformanteperu.com\/index.php\/wp-json\/wp\/v2\/posts"}],"about":[{"href":"https:\/\/elinformanteperu.com\/index.php\/wp-json\/wp\/v2\/types\/post"}],"author":[{"embeddable":true,"href":"https:\/\/elinformanteperu.com\/index.php\/wp-json\/wp\/v2\/users\/1"}],"replies":[{"embeddable":true,"href":"https:\/\/elinformanteperu.com\/index.php\/wp-json\/wp\/v2\/comments?post=95283"}],"version-history":[{"count":1,"href":"https:\/\/elinformanteperu.com\/index.php\/wp-json\/wp\/v2\/posts\/95283\/revisions"}],"predecessor-version":[{"id":95285,"href":"https:\/\/elinformanteperu.com\/index.php\/wp-json\/wp\/v2\/posts\/95283\/revisions\/95285"}],"wp:featuredmedia":[{"embeddable":true,"href":"https:\/\/elinformanteperu.com\/index.php\/wp-json\/wp\/v2\/media\/95284"}],"wp:attachment":[{"href":"https:\/\/elinformanteperu.com\/index.php\/wp-json\/wp\/v2\/media?parent=95283"}],"wp:term":[{"taxonomy":"category","embeddable":true,"href":"https:\/\/elinformanteperu.com\/index.php\/wp-json\/wp\/v2\/categories?post=95283"},{"taxonomy":"post_tag","embeddable":true,"href":"https:\/\/elinformanteperu.com\/index.php\/wp-json\/wp\/v2\/tags?post=95283"}],"curies":[{"name":"wp","href":"https:\/\/api.w.org\/{rel}","templated":true}]}}