{"id":94945,"date":"2021-03-27T01:35:47","date_gmt":"2021-03-27T06:35:47","guid":{"rendered":"https:\/\/elinformanteperu.com\/?p=94945"},"modified":"2021-03-27T01:35:47","modified_gmt":"2021-03-27T06:35:47","slug":"minsa-casos-confirmados-de-covid-19-ascienden-a-1512384-desde-marzo-2020","status":"publish","type":"post","link":"https:\/\/elinformanteperu.com\/index.php\/2021\/03\/27\/minsa-casos-confirmados-de-covid-19-ascienden-a-1512384-desde-marzo-2020\/","title":{"rendered":"Minsa: casos confirmados de covid-19 ascienden a 1&#8217;512,384 desde marzo 2020"},"content":{"rendered":"<p><strong><span style=\"color: #000000;\">Cifra oficial de fallecidos repunta y vuelve a situarse por encima de las 200 v\u00edctimas en 24 horas<\/span><\/strong><\/p>\n<p><span style=\"color: #000000;\"><strong>Lima, 26 de Marzo 2021, (ANDINA).-<\/strong> La cifra diaria de fallecidos por covid-19 repunt\u00f3 en el Per\u00fa para ubicarse en 201 en las \u00faltimas 24 horas, de acuerdo con el reporte oficial que public\u00f3 esta noche el Ministerio de Salud (Minsa).<\/span><\/p>\n<p><span style=\"color: #000000;\">Los recuentos del domingo, lunes y martes de esta semana incluyeron menos de 150 fallecidos por d\u00eda, un panorama que cambi\u00f3 el mi\u00e9rcoles (182) y el jueves (175) y despunt\u00f3 \u2013finalmente\u2013 el viernes (201), la cifra m\u00e1s alta desde el 3 de marzo (217).<\/span><\/p>\n<p><span style=\"color: #000000;\">Con relaci\u00f3n al procesamiento de muestras moleculares, antig\u00e9nicas y serol\u00f3gicas, el Minsa inform\u00f3 que, hasta las 22:00 horas del 25 de marzo, \u201cse han procesado muestras para 9 millones 14,018 personas por covid-19\u201d, desde el inicio del estado de emergencia, en marzo del a\u00f1o pasado.<\/span><\/p>\n<p><strong><span style=\"color: #000000;\">Casos confirmados<\/span><\/strong><\/p>\n<p><span style=\"color: #000000;\">Del total de pruebas procesadas, 7 millones 501,634 tuvieron resultados negativos. En consecuencia, el n\u00famero de casos confirmados lleg\u00f3 hoy a un mill\u00f3n 512,384 desde el 6 de marzo de 2020, cuando se present\u00f3 el llamado \u201ccaso cero\u201d en el Per\u00fa.<\/span><\/p>\n<p><span style=\"color: #000000;\">Durante el 25 de marzo se registraron los resultados de 63,987 personas muestreadas, de los cuales 4,691 fueron casos sintom\u00e1ticos confirmados del d\u00eda, a\u00f1adi\u00f3 el informe del sector Salud.<\/span><\/p>\n<p><span style=\"color: #000000;\">Adem\u00e1s, \u201cse registraron parcialmente los resultados de 11,919 casos confirmados por covid-19 de los siete d\u00edas anteriores\u201d.<\/span><\/p>\n<p><strong><span style=\"color: #000000;\">Hospitalizados y altas<\/span><\/strong><\/p>\n<p><span style=\"color: #000000;\">Respecto a la situaci\u00f3n en los hospitales, el comunicado del Minsa precisa que, a la fecha, se tienen 15,372 pacientes internados por el covid-19, de los cuales 2,285 se encuentran en cuidados intensivos con ventilaci\u00f3n mec\u00e1nica.<\/span><\/p>\n<p><span style=\"color: #000000;\">En cuanto a los pacientes que lograron superar la enfermedad, el reporte precisa que, del total de casos confirmados, a la fecha un mill\u00f3n 423,259 personas cumplieron su per\u00edodo de aislamiento domiciliario o fueron dados de alta de un establecimiento de salud.<\/span><\/p>\n<p><strong><span style=\"color: #000000;\">Total de fallecidos<\/span><\/strong><\/p>\n<p><span style=\"color: #000000;\">Con los 201 fallecidos de las \u00faltimas 24 horas, se reajust\u00f3 tambi\u00e9n la cifra total de v\u00edctimas de la pandemia en el Per\u00fa.<\/span><\/p>\n<p><span style=\"color: #000000;\">\u201cEl Ministerio de Salud lamenta informar que la covid-19 ha producido el fallecimiento de 51,032 ciudadanos en el pa\u00eds. Expresamos nuestras sentidas condolencias a los familiares en este momento de dolor\u201d.<\/span><\/p>\n<p><span style=\"color: #000000;\">A fin de evitar la propagaci\u00f3n del covid-19, \u201cel Gobierno recomienda distanciamiento f\u00edsico de al menos un metro de distancia de otra persona, usar mascarilla, lavarse las manos de manera frecuente y usar escudos faciales en el transporte p\u00fablico\u201d.<\/span><\/p>\n","protected":false},"excerpt":{"rendered":"<p>Cifra oficial de fallecidos repunta y vuelve a situarse por encima de las 200 v\u00edctimas en 24 horas Lima, 26 de Marzo 2021, (ANDINA).- La cifra diaria de fallecidos por covid-19 repunt\u00f3 en el Per\u00fa para ubicarse en 201 en las \u00faltimas 24 horas, de acuerdo con el reporte oficial que public\u00f3 esta noche el [&hellip;]<\/p>\n","protected":false},"author":1,"featured_media":94946,"comment_status":"closed","ping_status":"closed","sticky":false,"template":"","format":"standard","meta":{"rop_custom_images_group":[],"rop_custom_messages_group":[],"rop_publish_now":"initial","rop_publish_now_accounts":[],"rop_publish_now_history":[],"rop_publish_now_status":"pending","footnotes":""},"categories":[10],"tags":[6322,388,431],"class_list":["post-94945","post","type-post","status-publish","format-standard","has-post-thumbnail","hentry","category-actualidad-municipal","tag-covid-segunda-ola","tag-ministerio-de-salud","tag-minsa"],"_links":{"self":[{"href":"https:\/\/elinformanteperu.com\/index.php\/wp-json\/wp\/v2\/posts\/94945","targetHints":{"allow":["GET"]}}],"collection":[{"href":"https:\/\/elinformanteperu.com\/index.php\/wp-json\/wp\/v2\/posts"}],"about":[{"href":"https:\/\/elinformanteperu.com\/index.php\/wp-json\/wp\/v2\/types\/post"}],"author":[{"embeddable":true,"href":"https:\/\/elinformanteperu.com\/index.php\/wp-json\/wp\/v2\/users\/1"}],"replies":[{"embeddable":true,"href":"https:\/\/elinformanteperu.com\/index.php\/wp-json\/wp\/v2\/comments?post=94945"}],"version-history":[{"count":1,"href":"https:\/\/elinformanteperu.com\/index.php\/wp-json\/wp\/v2\/posts\/94945\/revisions"}],"predecessor-version":[{"id":94947,"href":"https:\/\/elinformanteperu.com\/index.php\/wp-json\/wp\/v2\/posts\/94945\/revisions\/94947"}],"wp:featuredmedia":[{"embeddable":true,"href":"https:\/\/elinformanteperu.com\/index.php\/wp-json\/wp\/v2\/media\/94946"}],"wp:attachment":[{"href":"https:\/\/elinformanteperu.com\/index.php\/wp-json\/wp\/v2\/media?parent=94945"}],"wp:term":[{"taxonomy":"category","embeddable":true,"href":"https:\/\/elinformanteperu.com\/index.php\/wp-json\/wp\/v2\/categories?post=94945"},{"taxonomy":"post_tag","embeddable":true,"href":"https:\/\/elinformanteperu.com\/index.php\/wp-json\/wp\/v2\/tags?post=94945"}],"curies":[{"name":"wp","href":"https:\/\/api.w.org\/{rel}","templated":true}]}}