{"id":94893,"date":"2021-03-25T23:08:04","date_gmt":"2021-03-26T04:08:04","guid":{"rendered":"https:\/\/elinformanteperu.com\/?p=94893"},"modified":"2021-03-25T23:08:04","modified_gmt":"2021-03-26T04:08:04","slug":"gobierno-peruano-establece-la-cuarta-area-de-conservacion-regional-del-cusco-chuyapi-urusayhua","status":"publish","type":"post","link":"https:\/\/elinformanteperu.com\/index.php\/2021\/03\/25\/gobierno-peruano-establece-la-cuarta-area-de-conservacion-regional-del-cusco-chuyapi-urusayhua\/","title":{"rendered":"Gobierno peruano establece la cuarta \u00c1rea de Conservaci\u00f3n Regional del Cusco: Chuyapi Urusayhua"},"content":{"rendered":"<p><strong><span style=\"color: #000000;\">Cusco consolida la conservaci\u00f3n de su patrimonio natural con esta nueva ACR que proteger\u00e1 el ecosistema Yungas Peruanas, considerado el m\u00e1s fr\u00e1gil del Per\u00fa.<\/span><\/strong><\/p>\n<p><span style=\"color: #000000;\"><strong>Lima, 25 de Marzo 2021, (El Informante Per\u00fa).-<\/strong> A propuesta del Gobierno Regional Cusco, y en un esfuerzo conjunto entre el Ministerio del Ambiente (Minam), a trav\u00e9s del Servicio Nacional de \u00c1reas Naturales Protegidas por el Estado (Sernanp), se estableci\u00f3 hoy el \u00c1rea de Conservaci\u00f3n Regional Chuyapi Urusayhua.<\/span><\/p>\n<p><span style=\"color: #000000;\">El establecimiento de esta nueva ACR fue aprobado durante sesi\u00f3n del Consejo de Ministros y oficializado mediante Decreto Supremo N\u00b0 003-2021-MINAM publicado hoy en el diario oficial El Peruano. Para la elaboraci\u00f3n del expediente t\u00e9cnico de creaci\u00f3n, el Minam y el Sernanp brindaron apoyo t\u00e9cnico al Gobierno Regional de Cusco en todo el proceso de elaboraci\u00f3n de la propuesta.<\/span><\/p>\n<p><span style=\"color: #000000;\">Ubicado en los distritos de Echarati, Vilcabamba y Santa Ana, de la provincia de La Convenci\u00f3n, Chuyapi Urusayhua busca asegurar la conservaci\u00f3n de las dos ecorregiones, seis pisos ecol\u00f3gicos y 12 sistemas ecol\u00f3gicos asociados a la monta\u00f1a del Urusayhua y la parte alta de la cuenca de Chuyapi; as\u00ed como la diversidad biol\u00f3gica que albergan, garantizando la provisi\u00f3n de los servicios ecosist\u00e9micos en beneficio de las poblaciones locales y contribuyendo a la mitigaci\u00f3n del cambio clim\u00e1tico.<\/span><\/p>\n<p><span style=\"color: #000000;\">En sus 80,190.78 hect\u00e1reas de extensi\u00f3n, se conservan las ecorregiones de Punas H\u00famedas de los Andes Centrales y Yungas Peruanas, esta \u00faltima se considera como una de las ecorregiones m\u00e1s fr\u00e1giles del Per\u00fa debido a factores como la deforestaci\u00f3n e incendios forestales.<\/span><\/p>\n<p><img fetchpriority=\"high\" decoding=\"async\" class=\"aligncenter size-full wp-image-94895\" src=\"https:\/\/elinformanteperu.com\/wp-content\/uploads\/2021\/03\/minam-region-cusco1.jpg\" alt=\"\" width=\"759\" height=\"514\" srcset=\"https:\/\/elinformanteperu.com\/wp-content\/uploads\/2021\/03\/minam-region-cusco1.jpg 759w, https:\/\/elinformanteperu.com\/wp-content\/uploads\/2021\/03\/minam-region-cusco1-300x203.jpg 300w\" sizes=\"(max-width: 759px) 100vw, 759px\" \/><\/p>\n<p><span style=\"color: #000000;\">El ACR Chuyapi Urusayhua alberga adem\u00e1s tres zonas prioritarias de conservaci\u00f3n para el pa\u00eds como son el R\u00edo Cumpirushiato-R\u00edo Cushireni-R\u00edo Cirialo, el R\u00edo Vilcabamba y el Bosque Sabanero Valle La Convenci\u00f3n.<\/span><\/p>\n<p><span style=\"color: #000000;\">En su \u00e1mbito se registran 936 especies de flora de los cuales 25 se encuentran en alg\u00fan estado de conservaci\u00f3n por la legislaci\u00f3n nacional e internacional, entre ellas el romerillo, nogal, cedro y quina.<\/span><\/p>\n<p><span style=\"color: #000000;\">Asimismo, alberga 82 especies de mam\u00edferos, 412 de aves, 30 de anfibios y 22 de reptiles, entre los cuales se han identificado especies end\u00e9micas del Per\u00fa y caracter\u00edsticas del bosque nublado como gallito de las rocas, mono ara\u00f1a, oso de anteojos, puma, yaguarund\u00ed, pava aburr\u00eda, guacamayo cabeciazul, entre otros.<\/span><\/p>\n<p><span style=\"color: #000000;\">Con su reconocimiento tambi\u00e9n se asegura la conservaci\u00f3n de importantes servicios ecosist\u00e9micos como la regulaci\u00f3n en la calidad del aire, la captura de carbono como medida de mitigaci\u00f3n frente al cambio clim\u00e1tico, el abastecimiento de agua en calidad y cantidad al conservar cabeceras de cuenca, as\u00ed como el suministro de plantas medicinales y especies forestales maderables en beneficio de sus poblaciones locales.<\/span><\/p>\n<p><img decoding=\"async\" class=\"aligncenter size-full wp-image-94896\" src=\"https:\/\/elinformanteperu.com\/wp-content\/uploads\/2021\/03\/minam-region-cusco2.jpg\" alt=\"\" width=\"764\" height=\"513\" srcset=\"https:\/\/elinformanteperu.com\/wp-content\/uploads\/2021\/03\/minam-region-cusco2.jpg 764w, https:\/\/elinformanteperu.com\/wp-content\/uploads\/2021\/03\/minam-region-cusco2-300x201.jpg 300w\" sizes=\"(max-width: 764px) 100vw, 764px\" \/><\/p>\n<p><span style=\"color: #000000;\">Solo en el \u00e1mbito de esta ACR nacen cinco cuencas hidrogr\u00e1ficas: Cirialo, San Miguel, Cushireni, Vilcabamba y Chuyapi, esta \u00faltima provee de agua de calidad a la poblaci\u00f3n de Quillabamba, con m\u00e1s de 46 mil usuarios de la red de agua potable.<\/span><\/p>\n<p><span style=\"color: #000000;\">Aunado a esta riqueza natural, Chuyapi Urusayhua protege tambi\u00e9n valores culturales relacionados con la monta\u00f1a de Urusayhua considerada como Apu tutelar de La Convenci\u00f3n.<\/span><\/p>\n<p><span style=\"color: #000000;\">Para el establecimiento de esta nueva ACR se cont\u00f3 adem\u00e1s con el apoyo de Conservaci\u00f3n Amaz\u00f3nica (ACCA), la Municipalidad Provincial de La Convenci\u00f3n, la Sociedad Peruana de Derecho Ambiental (SPDA) y Andes Amazon Fund (AAF).<\/span><\/p>\n<p><img decoding=\"async\" class=\"aligncenter size-full wp-image-94897\" src=\"https:\/\/elinformanteperu.com\/wp-content\/uploads\/2021\/03\/minam-region-cusco3.jpg\" alt=\"\" width=\"769\" height=\"513\" srcset=\"https:\/\/elinformanteperu.com\/wp-content\/uploads\/2021\/03\/minam-region-cusco3.jpg 769w, https:\/\/elinformanteperu.com\/wp-content\/uploads\/2021\/03\/minam-region-cusco3-300x200.jpg 300w\" sizes=\"(max-width: 769px) 100vw, 769px\" \/><\/p>\n","protected":false},"excerpt":{"rendered":"<p>Cusco consolida la conservaci\u00f3n de su patrimonio natural con esta nueva ACR que proteger\u00e1 el ecosistema Yungas Peruanas, considerado el m\u00e1s fr\u00e1gil del Per\u00fa. Lima, 25 de Marzo 2021, (El Informante Per\u00fa).- A propuesta del Gobierno Regional Cusco, y en un esfuerzo conjunto entre el Ministerio del Ambiente (Minam), a trav\u00e9s del Servicio Nacional de [&hellip;]<\/p>\n","protected":false},"author":1,"featured_media":94894,"comment_status":"closed","ping_status":"closed","sticky":false,"template":"","format":"standard","meta":{"rop_custom_images_group":[],"rop_custom_messages_group":[],"rop_publish_now":"initial","rop_publish_now_accounts":[],"rop_publish_now_history":[],"rop_publish_now_status":"pending","footnotes":""},"categories":[10],"tags":[1226,368,367,103],"class_list":["post-94893","post","type-post","status-publish","format-standard","has-post-thumbnail","hentry","category-actualidad-municipal","tag-cusco","tag-minam","tag-ministerio-del-ambiente","tag-sernanp"],"_links":{"self":[{"href":"https:\/\/elinformanteperu.com\/index.php\/wp-json\/wp\/v2\/posts\/94893","targetHints":{"allow":["GET"]}}],"collection":[{"href":"https:\/\/elinformanteperu.com\/index.php\/wp-json\/wp\/v2\/posts"}],"about":[{"href":"https:\/\/elinformanteperu.com\/index.php\/wp-json\/wp\/v2\/types\/post"}],"author":[{"embeddable":true,"href":"https:\/\/elinformanteperu.com\/index.php\/wp-json\/wp\/v2\/users\/1"}],"replies":[{"embeddable":true,"href":"https:\/\/elinformanteperu.com\/index.php\/wp-json\/wp\/v2\/comments?post=94893"}],"version-history":[{"count":1,"href":"https:\/\/elinformanteperu.com\/index.php\/wp-json\/wp\/v2\/posts\/94893\/revisions"}],"predecessor-version":[{"id":94898,"href":"https:\/\/elinformanteperu.com\/index.php\/wp-json\/wp\/v2\/posts\/94893\/revisions\/94898"}],"wp:featuredmedia":[{"embeddable":true,"href":"https:\/\/elinformanteperu.com\/index.php\/wp-json\/wp\/v2\/media\/94894"}],"wp:attachment":[{"href":"https:\/\/elinformanteperu.com\/index.php\/wp-json\/wp\/v2\/media?parent=94893"}],"wp:term":[{"taxonomy":"category","embeddable":true,"href":"https:\/\/elinformanteperu.com\/index.php\/wp-json\/wp\/v2\/categories?post=94893"},{"taxonomy":"post_tag","embeddable":true,"href":"https:\/\/elinformanteperu.com\/index.php\/wp-json\/wp\/v2\/tags?post=94893"}],"curies":[{"name":"wp","href":"https:\/\/api.w.org\/{rel}","templated":true}]}}