{"id":94887,"date":"2021-03-25T22:26:30","date_gmt":"2021-03-26T03:26:30","guid":{"rendered":"https:\/\/elinformanteperu.com\/?p=94887"},"modified":"2021-03-25T22:26:30","modified_gmt":"2021-03-26T03:26:30","slug":"indeci-recomienda-medidas-de-preparacion-ante-alerta-naranja-del-rio-camana","status":"publish","type":"post","link":"https:\/\/elinformanteperu.com\/index.php\/2021\/03\/25\/indeci-recomienda-medidas-de-preparacion-ante-alerta-naranja-del-rio-camana\/","title":{"rendered":"Indeci recomienda medidas de preparaci\u00f3n ante alerta naranja del r\u00edo Caman\u00e1"},"content":{"rendered":"<p><strong><span style=\"color: #000000;\">El Senamhi alert\u00f3 a las zonas arequipe\u00f1as de Corire, Aplao y los valles de Majes y Caman\u00e1<\/span><\/strong><\/p>\n<p><span style=\"color: #000000;\"><strong>Lima, 25 de Marzo 2021, (ANDINA).-<\/strong> Al encontrarse el r\u00edo Caman\u00e1, en la regi\u00f3n Arequipa, en alerta naranja, seg\u00fan en el aviso N\u00b0 752 del Servicio Nacional de Meteorolog\u00eda e Hidrolog\u00eda (Senamhi), el Instituto Nacional de Defensa Civil (Indeci) recomienda medidas de preparaci\u00f3n para proteger a la poblaci\u00f3n.<\/span><\/p>\n<p><span style=\"color: #000000;\">A las 15:00 horas de hoy jueves 25 de marzo, este afluente registr\u00f3 un caudal de 359.1 metros c\u00fabicos por segundo en la estaci\u00f3n hidrol\u00f3gica Huatiapa y se espera un comportamiento levemente descendente. Ante un posible nuevo incremento del r\u00edo, las \u00e1reas y\/o zonas de afectaci\u00f3n ser\u00edan Corire, Aplao y los valles de Majes y Caman\u00e1.<\/span><\/p>\n<p><span style=\"color: #000000;\">Ante este panorama, el Indeci exhorta a las autoridades locales revisar sus planes de contingencia, preparar su sistema comunitario de alerta temprana, prever la organizaci\u00f3n de la poblaci\u00f3n y disponer el monitoreo permanente de los r\u00edos para tomar medidas o alertar evacuaci\u00f3n.<\/span><\/p>\n<p><span style=\"color: #000000;\">En caso de presentarse alguna emergencia por inundaci\u00f3n, es preferible alejarse de los cables de energ\u00eda el\u00e9ctrica o torres de alta tensi\u00f3n, evitar cruzar por los r\u00edos que hayan aumentado su caudal y mantenerse atentos a las recomendaciones de las autoridades locales.<\/span><\/p>\n<p><span style=\"color: #000000;\">El Indeci, a trav\u00e9s del Centro de Operaciones de Emergencia Nacional (COEN), coordina con las autoridades regionales y locales y solicita mantener activos sus Centros de Operaciones de Emergencia e informar sobre desastres que se puedan presentar durante la temporada de lluvias para la oportuna atenci\u00f3n de las emergencias.<\/span><\/p>\n","protected":false},"excerpt":{"rendered":"<p>El Senamhi alert\u00f3 a las zonas arequipe\u00f1as de Corire, Aplao y los valles de Majes y Caman\u00e1 Lima, 25 de Marzo 2021, (ANDINA).- Al encontrarse el r\u00edo Caman\u00e1, en la regi\u00f3n Arequipa, en alerta naranja, seg\u00fan en el aviso N\u00b0 752 del Servicio Nacional de Meteorolog\u00eda e Hidrolog\u00eda (Senamhi), el Instituto Nacional de Defensa Civil [&hellip;]<\/p>\n","protected":false},"author":1,"featured_media":94888,"comment_status":"closed","ping_status":"closed","sticky":false,"template":"","format":"standard","meta":{"rop_custom_images_group":[],"rop_custom_messages_group":[],"rop_publish_now":"initial","rop_publish_now_accounts":[],"rop_publish_now_history":[],"rop_publish_now_status":"pending","footnotes":""},"categories":[10],"tags":[148,514],"class_list":["post-94887","post","type-post","status-publish","format-standard","has-post-thumbnail","hentry","category-actualidad-municipal","tag-indeci","tag-senamhi"],"_links":{"self":[{"href":"https:\/\/elinformanteperu.com\/index.php\/wp-json\/wp\/v2\/posts\/94887","targetHints":{"allow":["GET"]}}],"collection":[{"href":"https:\/\/elinformanteperu.com\/index.php\/wp-json\/wp\/v2\/posts"}],"about":[{"href":"https:\/\/elinformanteperu.com\/index.php\/wp-json\/wp\/v2\/types\/post"}],"author":[{"embeddable":true,"href":"https:\/\/elinformanteperu.com\/index.php\/wp-json\/wp\/v2\/users\/1"}],"replies":[{"embeddable":true,"href":"https:\/\/elinformanteperu.com\/index.php\/wp-json\/wp\/v2\/comments?post=94887"}],"version-history":[{"count":1,"href":"https:\/\/elinformanteperu.com\/index.php\/wp-json\/wp\/v2\/posts\/94887\/revisions"}],"predecessor-version":[{"id":94889,"href":"https:\/\/elinformanteperu.com\/index.php\/wp-json\/wp\/v2\/posts\/94887\/revisions\/94889"}],"wp:featuredmedia":[{"embeddable":true,"href":"https:\/\/elinformanteperu.com\/index.php\/wp-json\/wp\/v2\/media\/94888"}],"wp:attachment":[{"href":"https:\/\/elinformanteperu.com\/index.php\/wp-json\/wp\/v2\/media?parent=94887"}],"wp:term":[{"taxonomy":"category","embeddable":true,"href":"https:\/\/elinformanteperu.com\/index.php\/wp-json\/wp\/v2\/categories?post=94887"},{"taxonomy":"post_tag","embeddable":true,"href":"https:\/\/elinformanteperu.com\/index.php\/wp-json\/wp\/v2\/tags?post=94887"}],"curies":[{"name":"wp","href":"https:\/\/api.w.org\/{rel}","templated":true}]}}