{"id":94881,"date":"2021-03-25T21:14:27","date_gmt":"2021-03-26T02:14:27","guid":{"rendered":"https:\/\/elinformanteperu.com\/?p=94881"},"modified":"2021-03-25T21:14:27","modified_gmt":"2021-03-26T02:14:27","slug":"proyecto-7-regiones-apunta-a-cubrir-la-demanda-por-gas-natural-en-el-centro-y-sur","status":"publish","type":"post","link":"https:\/\/elinformanteperu.com\/index.php\/2021\/03\/25\/proyecto-7-regiones-apunta-a-cubrir-la-demanda-por-gas-natural-en-el-centro-y-sur\/","title":{"rendered":"Proyecto 7 Regiones apunta a cubrir la demanda por gas natural en el centro y sur"},"content":{"rendered":"<p><strong><span style=\"color: #000000;\">En los sectores residencial, comercial e industrial<\/span><\/strong><\/p>\n<p><span style=\"color: #000000;\"><strong>Lima, 25 de Marzo 2021, (ANDINA).-<\/strong> El Ministerio de Energ\u00eda y Minas (Minem) indic\u00f3 que el Proyecto Siete Regiones, que contempla la distribuci\u00f3n de gas natural en regiones del centro y sur, tiene la meta de cubrir todos los domicilios, industrias y comercios.<\/span><\/p>\n<p><span style=\"color: #000000;\">Precis\u00f3 que esta concesi\u00f3n de distribuci\u00f3n energ\u00e9tica operar\u00e1 en 14 ciudades y la buena pro para su adjudicaci\u00f3n se tiene prevista en mayo pr\u00f3ximo.<\/span><\/p>\n<p><span style=\"color: #000000;\">El Minem se\u00f1al\u00f3 que este proyecto tiene como prop\u00f3sito fundamental iniciar con el proceso de construcci\u00f3n de redes de gas natural la regi\u00f3n andina y amaz\u00f3nica, y precis\u00f3 que se ha establecido una meta inicial de 113,500 conexiones como requisito m\u00ednimo que debe cubrir el concesionario elegido en los primeros a\u00f1os de operaciones.<\/span><\/p>\n<p><span style=\"color: #000000;\">Estos usuarios constituir\u00edan el primer grupo de personas atendidas con las conexiones domiciliarias de gas natural, y lo que corresponde al operador del proyecto es continuar con la expansi\u00f3n de las redes para conseguir elevar el n\u00famero de hogares e industrias integradas al gas natural, ampliando su cobertura y generando mayores ingresos.<\/span><\/p>\n<p><span style=\"color: #000000;\">El Proyecto Siete Regiones, impulsado por el Minem, tiene prevista su aplicaci\u00f3n en las ciudades de Cusco, Quillabamba y Calca (regi\u00f3n Cusco), Puno y Juliaca (Puno), Huancayo y Jauja (Jun\u00edn), Huamanga y Huanta (Ayacucho), Huancavelica (Huancavelica), Abancay y Andahuaylas (Apur\u00edmac), Pucallpa y Padre Abad (Ucayali).<\/span><\/p>\n<p><span style=\"color: #000000;\">La iniciativa busca replicar el proceso de masificaci\u00f3n paulatina y acelerada realizada en otras ciudades, donde ya hay m\u00e1s de 1 mill\u00f3n de hogares que se benefician con el gas natural, obteniendo ahorro con el uso de este recurso en comparaci\u00f3n al GLP o la electricidad.<\/span><\/p>\n<p><span style=\"color: #000000;\">El objetivo que persigue el Gobierno es fortalecer la descentralizaci\u00f3n del acceso al gas natural y permitir el cierre de brechas en el acceso a energ\u00eda, aprovechando un recurso que el pa\u00eds posee en abundancia y apuntando al cambio de la matriz energ\u00e9tica del pa\u00eds en domicilios, transporte e industrias.<\/span><\/p>\n","protected":false},"excerpt":{"rendered":"<p>En los sectores residencial, comercial e industrial Lima, 25 de Marzo 2021, (ANDINA).- El Ministerio de Energ\u00eda y Minas (Minem) indic\u00f3 que el Proyecto Siete Regiones, que contempla la distribuci\u00f3n de gas natural en regiones del centro y sur, tiene la meta de cubrir todos los domicilios, industrias y comercios. Precis\u00f3 que esta concesi\u00f3n de [&hellip;]<\/p>\n","protected":false},"author":1,"featured_media":94882,"comment_status":"closed","ping_status":"closed","sticky":false,"template":"","format":"standard","meta":{"rop_custom_images_group":[],"rop_custom_messages_group":[],"rop_publish_now":"initial","rop_publish_now_accounts":[],"rop_publish_now_history":[],"rop_publish_now_status":"pending","footnotes":""},"categories":[10],"tags":[5202,322],"class_list":["post-94881","post","type-post","status-publish","format-standard","has-post-thumbnail","hentry","category-actualidad-municipal","tag-minem","tag-ministerio-de-energia-y-minas"],"_links":{"self":[{"href":"https:\/\/elinformanteperu.com\/index.php\/wp-json\/wp\/v2\/posts\/94881","targetHints":{"allow":["GET"]}}],"collection":[{"href":"https:\/\/elinformanteperu.com\/index.php\/wp-json\/wp\/v2\/posts"}],"about":[{"href":"https:\/\/elinformanteperu.com\/index.php\/wp-json\/wp\/v2\/types\/post"}],"author":[{"embeddable":true,"href":"https:\/\/elinformanteperu.com\/index.php\/wp-json\/wp\/v2\/users\/1"}],"replies":[{"embeddable":true,"href":"https:\/\/elinformanteperu.com\/index.php\/wp-json\/wp\/v2\/comments?post=94881"}],"version-history":[{"count":1,"href":"https:\/\/elinformanteperu.com\/index.php\/wp-json\/wp\/v2\/posts\/94881\/revisions"}],"predecessor-version":[{"id":94883,"href":"https:\/\/elinformanteperu.com\/index.php\/wp-json\/wp\/v2\/posts\/94881\/revisions\/94883"}],"wp:featuredmedia":[{"embeddable":true,"href":"https:\/\/elinformanteperu.com\/index.php\/wp-json\/wp\/v2\/media\/94882"}],"wp:attachment":[{"href":"https:\/\/elinformanteperu.com\/index.php\/wp-json\/wp\/v2\/media?parent=94881"}],"wp:term":[{"taxonomy":"category","embeddable":true,"href":"https:\/\/elinformanteperu.com\/index.php\/wp-json\/wp\/v2\/categories?post=94881"},{"taxonomy":"post_tag","embeddable":true,"href":"https:\/\/elinformanteperu.com\/index.php\/wp-json\/wp\/v2\/tags?post=94881"}],"curies":[{"name":"wp","href":"https:\/\/api.w.org\/{rel}","templated":true}]}}