{"id":94876,"date":"2021-03-25T20:57:13","date_gmt":"2021-03-26T01:57:13","guid":{"rendered":"https:\/\/elinformanteperu.com\/?p=94876"},"modified":"2021-03-26T00:31:17","modified_gmt":"2021-03-26T05:31:17","slug":"ernesto-pimentel-dio-positivo-a-la-covid-19","status":"publish","type":"post","link":"https:\/\/elinformanteperu.com\/index.php\/2021\/03\/25\/ernesto-pimentel-dio-positivo-a-la-covid-19\/","title":{"rendered":"Ernesto Pimentel dio positivo a la Covid-19"},"content":{"rendered":"<p><span style=\"color: #000000;\"><strong>Lima, 25 Marzo 2021, (ANDINA).-<\/strong> Ernesto Pimentel dio positivo a la covid-19 y espera superarlo siguiendo las indicaciones m\u00e9dicas, sin embargo espera salir airoso \u00aby pondr\u00e9 todo de mi parte para que as\u00ed sea\u00bb, expres\u00f3.<\/span><\/p>\n<p><span style=\"color: #000000;\">El artista dio a conocer su diagn\u00f3stico tras dar positivo en las pruebas que se realiza en la televisora, donde regularmente graba su show televisivo \u00abEl Reventonazo de la Chola Chabuca\u00bb.<\/span><\/p>\n<p><span style=\"color: #000000;\">Actualmente se encuentra aislado en su domicilio y revel\u00f3 que \u00abes una experiencia dolorosa\u00bb.<\/span><\/p>\n<p><span style=\"color: #000000;\">\u201cHe decidido compartir este momento con ustedes, pues s\u00e9 que lo mismo que yo estoy viviendo lo pasan miles de peruanos. Sientes que tu vida est\u00e1 amenazada, y m\u00e1s a\u00fan cuando somos conscientes de las escasas camas UCI. Prometo poner todo de mi parte para recuperarme lo m\u00e1s pronto posible. Dios nos proteja\u201d, se\u00f1al\u00f3 a trav\u00e9s de un comunicado el artista.<\/span><\/p>\n<p><span style=\"color: #000000;\">Finalmente, el artista confirm\u00f3 que su espacio se seguir\u00e1 emitiendo gracias a las ediciones que ya ten\u00eda adelantadas y agradeci\u00f3 las oraciones de sus seguidores y los buenos deseos no solo para \u00e9l, sino para su familia.<\/span><\/p>\n<p><img fetchpriority=\"high\" decoding=\"async\" class=\"aligncenter wp-image-94878\" src=\"https:\/\/elinformanteperu.com\/wp-content\/uploads\/2021\/03\/Ernesto-Pimentel33.jpg\" alt=\"\" width=\"280\" height=\"420\" srcset=\"https:\/\/elinformanteperu.com\/wp-content\/uploads\/2021\/03\/Ernesto-Pimentel33.jpg 1200w, https:\/\/elinformanteperu.com\/wp-content\/uploads\/2021\/03\/Ernesto-Pimentel33-200x300.jpg 200w, https:\/\/elinformanteperu.com\/wp-content\/uploads\/2021\/03\/Ernesto-Pimentel33-683x1024.jpg 683w, https:\/\/elinformanteperu.com\/wp-content\/uploads\/2021\/03\/Ernesto-Pimentel33-768x1152.jpg 768w, https:\/\/elinformanteperu.com\/wp-content\/uploads\/2021\/03\/Ernesto-Pimentel33-1024x1536.jpg 1024w\" sizes=\"(max-width: 280px) 100vw, 280px\" \/><\/p>\n","protected":false},"excerpt":{"rendered":"<p>Lima, 25 Marzo 2021, (ANDINA).- Ernesto Pimentel dio positivo a la covid-19 y espera superarlo siguiendo las indicaciones m\u00e9dicas, sin embargo espera salir airoso \u00aby pondr\u00e9 todo de mi parte para que as\u00ed sea\u00bb, expres\u00f3. El artista dio a conocer su diagn\u00f3stico tras dar positivo en las pruebas que se realiza en la televisora, donde [&hellip;]<\/p>\n","protected":false},"author":1,"featured_media":94877,"comment_status":"closed","ping_status":"closed","sticky":false,"template":"","format":"standard","meta":{"rop_custom_images_group":[],"rop_custom_messages_group":[],"rop_publish_now":"initial","rop_publish_now_accounts":[],"rop_publish_now_history":[],"rop_publish_now_status":"pending","footnotes":""},"categories":[70,5745],"tags":[6446],"class_list":["post-94876","post","type-post","status-publish","format-standard","has-post-thumbnail","hentry","category-farandula","category-lo-ultimo","tag-ernesto-pimentel"],"_links":{"self":[{"href":"https:\/\/elinformanteperu.com\/index.php\/wp-json\/wp\/v2\/posts\/94876","targetHints":{"allow":["GET"]}}],"collection":[{"href":"https:\/\/elinformanteperu.com\/index.php\/wp-json\/wp\/v2\/posts"}],"about":[{"href":"https:\/\/elinformanteperu.com\/index.php\/wp-json\/wp\/v2\/types\/post"}],"author":[{"embeddable":true,"href":"https:\/\/elinformanteperu.com\/index.php\/wp-json\/wp\/v2\/users\/1"}],"replies":[{"embeddable":true,"href":"https:\/\/elinformanteperu.com\/index.php\/wp-json\/wp\/v2\/comments?post=94876"}],"version-history":[{"count":2,"href":"https:\/\/elinformanteperu.com\/index.php\/wp-json\/wp\/v2\/posts\/94876\/revisions"}],"predecessor-version":[{"id":94880,"href":"https:\/\/elinformanteperu.com\/index.php\/wp-json\/wp\/v2\/posts\/94876\/revisions\/94880"}],"wp:featuredmedia":[{"embeddable":true,"href":"https:\/\/elinformanteperu.com\/index.php\/wp-json\/wp\/v2\/media\/94877"}],"wp:attachment":[{"href":"https:\/\/elinformanteperu.com\/index.php\/wp-json\/wp\/v2\/media?parent=94876"}],"wp:term":[{"taxonomy":"category","embeddable":true,"href":"https:\/\/elinformanteperu.com\/index.php\/wp-json\/wp\/v2\/categories?post=94876"},{"taxonomy":"post_tag","embeddable":true,"href":"https:\/\/elinformanteperu.com\/index.php\/wp-json\/wp\/v2\/tags?post=94876"}],"curies":[{"name":"wp","href":"https:\/\/api.w.org\/{rel}","templated":true}]}}