{"id":94873,"date":"2021-03-25T00:10:25","date_gmt":"2021-03-25T05:10:25","guid":{"rendered":"https:\/\/elinformanteperu.com\/?p=94873"},"modified":"2021-03-25T00:10:25","modified_gmt":"2021-03-25T05:10:25","slug":"gobierno-evalua-accion-de-inconstitucionalidad-contra-ley-que-elimina-regimen-cas","status":"publish","type":"post","link":"https:\/\/elinformanteperu.com\/index.php\/2021\/03\/25\/gobierno-evalua-accion-de-inconstitucionalidad-contra-ley-que-elimina-regimen-cas\/","title":{"rendered":"Gobierno eval\u00faa acci\u00f3n de inconstitucionalidad contra ley que elimina r\u00e9gimen CAS"},"content":{"rendered":"<p><span style=\"color: #000000;\"><strong>Lima, 24 de Marzo 2021, (ANDINA).-<\/strong> La jefa del Gabinete Ministerial, Violeta Berm\u00fadez, inform\u00f3 que tras la sesi\u00f3n del Consejo de Ministros, se acord\u00f3 encargar a Servir y al Ministerio de Justicia y Derechos Humanos, evaluar una acci\u00f3n de inconstitucionalidad por la ley que elimina progresivamente el r\u00e9gimen CAS.<\/span><\/p>\n<p><span style=\"color: #000000;\">En conferencia de prensa, mencion\u00f3 adem\u00e1s la necesidad de entablar un di\u00e1logo con el Congreso de la Rep\u00fablica, a efectos de compartir con ellos los impactos de la ley aprobada.<\/span><\/p>\n<p><span style=\"color: #000000;\">\u201cHicimos una evaluaci\u00f3n a la ley 31131, conocida como la ley CAS y lo primero que se destac\u00f3 es el compromiso del Gobierno con un servicio civil meritocr\u00e1tico, organizado y respetuoso de los derechos laborales de todos los servidores p\u00fablicos. Sin embargo, evaluamos que en el texto de la ley aprobada se dej\u00f3 de lado la implementaci\u00f3n de la carrera p\u00fablica\u00bb, manifest\u00f3.<\/span><\/p>\n<p><span style=\"color: #000000;\">En esa medida, se analiz\u00f3 que una de sus disposiciones de la mencionada norma, proh\u00edbe la contrataci\u00f3n de personal bajo el r\u00e9gimen CAS a partir de su vigencia, es decir desde el 09 de marzo, lo que gener\u00f3 un problema en las contrataciones en diversas entidades.<\/span><\/p>\n<p><span style=\"color: #000000;\">La titular de la Presidencia del Consejo de Ministros, explic\u00f3 que esta paralizaci\u00f3n en la contrataci\u00f3n de personal, podr\u00eda tener consecuencias en los servicios esenciales que se prestan a la poblaci\u00f3n.<\/span><\/p>\n<p><span style=\"color: #000000;\">Berm\u00fadez inform\u00f3 tambi\u00e9n que se decidi\u00f3 avanzar en la implementaci\u00f3n del Servicio Civil porque es fundamental cumplir tambi\u00e9n con la intensi\u00f3n del Congreso de la Rep\u00fablica, de que todos los servidores p\u00fablicos cuenten con sus derechos reconocidos por la Constituci\u00f3n y las leyes.<\/span><\/p>\n<p><span style=\"color: #000000;\">En segundo lugar, la jefa del Gabinete detall\u00f3 que se acord\u00f3 emitir un dispositivo legal como una medida inmediata y temporal, para que ning\u00fan servicio del Estado deje de atender por carecer de recursos humanos.<\/span><\/p>\n<p><span style=\"color: #000000;\">Violeta Berm\u00fadez explic\u00f3 que es necesario contar con los profesores para la continuaci\u00f3n del a\u00f1o escolar, garantizar la contrataci\u00f3n del personal para la atenci\u00f3n de la pandemia y el proceso de vacunaci\u00f3n.<\/span><\/p>\n<p><span style=\"color: #000000;\">\u201cHemos acordado encargar a Servir y al Ministerio de Justicia la evaluaci\u00f3n de una posible acci\u00f3n de inconstitucionalidad contra la mencionada ley, pero tambi\u00e9n entablar un di\u00e1logo con el Congreso de la Rep\u00fablica para compartir con ellos los impactos de la ley aprobada en el funcionamiento de los servicios que se brindan a la poblaci\u00f3n a trav\u00e9s de dos mil entidades p\u00fablicas a nivel nacional y la necesidad de compartir con ellos el por qu\u00e9 de estas medidas transitorias\u201d, sostuvo.<\/span><\/p>\n<p><span style=\"color: #000000;\">Precisamente, el pasado 4 de marzo, el Congreso de la Rep\u00fablica, aprob\u00f3 por mayor\u00eda la insistencia de la aut\u00f3grafa que elimina en forma progresiva el r\u00e9gimen de Contrato Administrativo de Servicios (CAS) en el sector p\u00fablico.<\/span><\/p>\n<p><span style=\"color: #000000;\">En otro momento, Violeta Berm\u00fadez, inform\u00f3 que se aprob\u00f3 adem\u00e1s establecer un \u00e1rea de conservaci\u00f3n regional en el Cusco. Destac\u00f3 que el Decreto Supremo aprobado fue iniciativa del gobierno regional y tiene como objetivo establecer una importante \u00e1rea de conservaci\u00f3n en el pa\u00eds.<\/span><\/p>\n<p><span style=\"color: #000000;\">\u201cTambi\u00e9n aprobamos un conjunto de dispositivos en diversos distritos de Loreto, Jun\u00edn, Cajamarca, Hu\u00e1nuco, Puno y San Mart\u00edn, debido a las intensas precipitaciones. Este conjunto de decretos, que declaran el estado de emergencia, nos permitir\u00e1n llegar con ayuda a trav\u00e9s de Indeci\u201d, manifest\u00f3.<\/span><\/p>\n<p><span style=\"color: #000000;\">Sobre el tema de la pandemia por el covid-19, la titular de la Presidencia del Consejo de Ministros, precis\u00f3 que fruto del an\u00e1lisis de la informaci\u00f3n se constat\u00f3 que a nivel nacional la curva de fallecidos muestra un ligero descenso, pero no en la intensidad en que se espera.<\/span><\/p>\n","protected":false},"excerpt":{"rendered":"<p>Lima, 24 de Marzo 2021, (ANDINA).- La jefa del Gabinete Ministerial, Violeta Berm\u00fadez, inform\u00f3 que tras la sesi\u00f3n del Consejo de Ministros, se acord\u00f3 encargar a Servir y al Ministerio de Justicia y Derechos Humanos, evaluar una acci\u00f3n de inconstitucionalidad por la ley que elimina progresivamente el r\u00e9gimen CAS. En conferencia de prensa, mencion\u00f3 adem\u00e1s [&hellip;]<\/p>\n","protected":false},"author":1,"featured_media":94874,"comment_status":"closed","ping_status":"closed","sticky":false,"template":"","format":"standard","meta":{"rop_custom_images_group":[],"rop_custom_messages_group":[],"rop_publish_now":"initial","rop_publish_now_accounts":[],"rop_publish_now_history":[],"rop_publish_now_status":"pending","footnotes":""},"categories":[5],"tags":[189,2317,6226],"class_list":["post-94873","post","type-post","status-publish","format-standard","has-post-thumbnail","hentry","category-actualidad-informativa","tag-pcm","tag-presidencia-del-consejo-de-ministros","tag-violeta-bermudez"],"_links":{"self":[{"href":"https:\/\/elinformanteperu.com\/index.php\/wp-json\/wp\/v2\/posts\/94873","targetHints":{"allow":["GET"]}}],"collection":[{"href":"https:\/\/elinformanteperu.com\/index.php\/wp-json\/wp\/v2\/posts"}],"about":[{"href":"https:\/\/elinformanteperu.com\/index.php\/wp-json\/wp\/v2\/types\/post"}],"author":[{"embeddable":true,"href":"https:\/\/elinformanteperu.com\/index.php\/wp-json\/wp\/v2\/users\/1"}],"replies":[{"embeddable":true,"href":"https:\/\/elinformanteperu.com\/index.php\/wp-json\/wp\/v2\/comments?post=94873"}],"version-history":[{"count":1,"href":"https:\/\/elinformanteperu.com\/index.php\/wp-json\/wp\/v2\/posts\/94873\/revisions"}],"predecessor-version":[{"id":94875,"href":"https:\/\/elinformanteperu.com\/index.php\/wp-json\/wp\/v2\/posts\/94873\/revisions\/94875"}],"wp:featuredmedia":[{"embeddable":true,"href":"https:\/\/elinformanteperu.com\/index.php\/wp-json\/wp\/v2\/media\/94874"}],"wp:attachment":[{"href":"https:\/\/elinformanteperu.com\/index.php\/wp-json\/wp\/v2\/media?parent=94873"}],"wp:term":[{"taxonomy":"category","embeddable":true,"href":"https:\/\/elinformanteperu.com\/index.php\/wp-json\/wp\/v2\/categories?post=94873"},{"taxonomy":"post_tag","embeddable":true,"href":"https:\/\/elinformanteperu.com\/index.php\/wp-json\/wp\/v2\/tags?post=94873"}],"curies":[{"name":"wp","href":"https:\/\/api.w.org\/{rel}","templated":true}]}}