{"id":94769,"date":"2021-03-23T22:03:54","date_gmt":"2021-03-24T03:03:54","guid":{"rendered":"https:\/\/elinformanteperu.com\/?p=94769"},"modified":"2021-03-23T22:03:54","modified_gmt":"2021-03-24T03:03:54","slug":"inician-vacunacion-a-miembros-del-ejercito-y-marina-en-la-libertad","status":"publish","type":"post","link":"https:\/\/elinformanteperu.com\/index.php\/2021\/03\/23\/inician-vacunacion-a-miembros-del-ejercito-y-marina-en-la-libertad\/","title":{"rendered":"Inician vacunaci\u00f3n a miembros del Ej\u00e9rcito y Marina en La Libertad"},"content":{"rendered":"<p><strong><span style=\"color: #000000;\">Ministerio de Salud envi\u00f3 804 dosis del laboratorio Pfizer para proteger al personal castrense de la covid-19<\/span><\/strong><\/p>\n<p><span style=\"color: #000000;\"><strong>La Libertad, 23 de Marzo 2021, (ANDINA).-<\/strong> La Gerencia de Salud de La Libertad inici\u00f3 la vacunaci\u00f3n contra la covid-19 a los miembros del Ej\u00e9rcito y la Marina destacados en esta regi\u00f3n del norte del pa\u00eds, tras el env\u00edo de 804 dosis de laboratorio Pfizer por parte del Ministerio de Salud.<\/span><\/p>\n<p><span style=\"color: #000000;\">El Ej\u00e9rcito recibi\u00f3 768 vacunas, mientras que a la Marina se les entreg\u00f3 las 36 dosis restantes. Ambas instituciones castrenses se encuentran dentro de la primera fase de vacunaci\u00f3n y se ha priorizado su protecci\u00f3n.<\/span><\/p>\n<p><span style=\"color: #000000;\">El gobierno regional contribuy\u00f3 con 10 enfermeras de la Red de Salud de Trujillo \u2013Utes N\u00b0 6 quienes se ubicaron en 6 m\u00f3dulos en el cuartel para avanzar con la inoculaci\u00f3n de las vacunas.<\/span><\/p>\n<p><span style=\"color: #000000;\">El gerente regional de Salud, Fernando Padilla Bartra, precis\u00f3 que las vacunas no llegaron ultracongeladas desde Lima para conservar a una temperatura de entre -40 a -80 grados cent\u00edgrados, sino que ya est\u00e1n preparadas para una duraci\u00f3n de un m\u00e1ximo de 5 d\u00edas.<\/span><\/p>\n<p><span style=\"color: #000000;\">\u201cAhora queremos vacunar con rapidez y para ello nuestro personal est\u00e1 aqu\u00ed a disposici\u00f3n para que empecemos cuanto antes con este proceso. Por el momento no tenemos vacunas para la polic\u00eda, pero ya estamos en coordinaciones con ellos para que ante cualquier aviso empecemos a trabajar de inmediato\u201d, indic\u00f3.<\/span><\/p>\n<p><span style=\"color: #000000;\">En tanto, el general de la 32\u00b0 Brigada de Infanter\u00eda del Ej\u00e9rcito, Luis Chac\u00f3n C\u00f3rdova, mencion\u00f3 que entre la guarnici\u00f3n de Trujillo y la de Huanchaco el personal llega a 768 miembros; sin embargo, con los miembros que se encuentran distribuidos en la sierra alcanzan aproximadamente los 1,300.<\/span><\/p>\n","protected":false},"excerpt":{"rendered":"<p>Ministerio de Salud envi\u00f3 804 dosis del laboratorio Pfizer para proteger al personal castrense de la covid-19 La Libertad, 23 de Marzo 2021, (ANDINA).- La Gerencia de Salud de La Libertad inici\u00f3 la vacunaci\u00f3n contra la covid-19 a los miembros del Ej\u00e9rcito y la Marina destacados en esta regi\u00f3n del norte del pa\u00eds, tras el [&hellip;]<\/p>\n","protected":false},"author":1,"featured_media":94770,"comment_status":"closed","ping_status":"closed","sticky":false,"template":"","format":"standard","meta":{"rop_custom_images_group":[],"rop_custom_messages_group":[],"rop_publish_now":"initial","rop_publish_now_accounts":[],"rop_publish_now_history":[],"rop_publish_now_status":"pending","footnotes":""},"categories":[10],"tags":[1394,4270,5939],"class_list":["post-94769","post","type-post","status-publish","format-standard","has-post-thumbnail","hentry","category-actualidad-municipal","tag-ejercito","tag-la-libertad","tag-vacunacion"],"_links":{"self":[{"href":"https:\/\/elinformanteperu.com\/index.php\/wp-json\/wp\/v2\/posts\/94769","targetHints":{"allow":["GET"]}}],"collection":[{"href":"https:\/\/elinformanteperu.com\/index.php\/wp-json\/wp\/v2\/posts"}],"about":[{"href":"https:\/\/elinformanteperu.com\/index.php\/wp-json\/wp\/v2\/types\/post"}],"author":[{"embeddable":true,"href":"https:\/\/elinformanteperu.com\/index.php\/wp-json\/wp\/v2\/users\/1"}],"replies":[{"embeddable":true,"href":"https:\/\/elinformanteperu.com\/index.php\/wp-json\/wp\/v2\/comments?post=94769"}],"version-history":[{"count":1,"href":"https:\/\/elinformanteperu.com\/index.php\/wp-json\/wp\/v2\/posts\/94769\/revisions"}],"predecessor-version":[{"id":94771,"href":"https:\/\/elinformanteperu.com\/index.php\/wp-json\/wp\/v2\/posts\/94769\/revisions\/94771"}],"wp:featuredmedia":[{"embeddable":true,"href":"https:\/\/elinformanteperu.com\/index.php\/wp-json\/wp\/v2\/media\/94770"}],"wp:attachment":[{"href":"https:\/\/elinformanteperu.com\/index.php\/wp-json\/wp\/v2\/media?parent=94769"}],"wp:term":[{"taxonomy":"category","embeddable":true,"href":"https:\/\/elinformanteperu.com\/index.php\/wp-json\/wp\/v2\/categories?post=94769"},{"taxonomy":"post_tag","embeddable":true,"href":"https:\/\/elinformanteperu.com\/index.php\/wp-json\/wp\/v2\/tags?post=94769"}],"curies":[{"name":"wp","href":"https:\/\/api.w.org\/{rel}","templated":true}]}}