{"id":94763,"date":"2021-03-23T21:58:13","date_gmt":"2021-03-24T02:58:13","guid":{"rendered":"https:\/\/elinformanteperu.com\/?p=94763"},"modified":"2021-03-23T21:58:13","modified_gmt":"2021-03-24T02:58:13","slug":"estado-otorga-concesion-para-la-construccion-de-central-hidroelectrica-en-moquegua","status":"publish","type":"post","link":"https:\/\/elinformanteperu.com\/index.php\/2021\/03\/23\/estado-otorga-concesion-para-la-construccion-de-central-hidroelectrica-en-moquegua\/","title":{"rendered":"Estado otorga concesi\u00f3n para la construcci\u00f3n de central hidroel\u00e9ctrica en Moquegua"},"content":{"rendered":"<p><strong><span style=\"color: #000000;\">Obra demandar\u00e1 una inversi\u00f3n superior a US$ 54.6 millones y estar\u00e1n marcha en julio de 2024<\/span><\/strong><\/p>\n<p><span style=\"color: #000000;\"><strong>Lima, 23 de Marzo 2021, (ANDINA).-<\/strong> El Ministerio de Energ\u00eda y Minas (Minem) otorg\u00f3 la concesi\u00f3n definitiva para desarrollar la actividad de generaci\u00f3n de energ\u00eda el\u00e9ctrica con recursos energ\u00e9ticos renovables en el proyecto \u201cCentral Hidroel\u00e9ctrica Moquegua 3\u201d, ubicada en la regi\u00f3n sure\u00f1a de Moquegua, la misma que aportar\u00e1 energ\u00eda limpia al Sistema El\u00e9ctrico Interconectado Nacional (SEIN).<\/span><\/p>\n<p><span style=\"color: #000000;\">De acuerdo a la Resoluci\u00f3n Ministerial N\u00ba 047-2021-MINEM\/DM, publicada hoy en el diario oficial El Peruano, la futura central hidroel\u00e9ctrica ser\u00e1 construida por la Empresa de Generaci\u00f3n El\u00e9ctrica del Sur S.A., contar\u00e1 con una potencia instalada de 18,7 megavatios (MW), y estar\u00e1 ubicada en el distrito de Torata, provincia de Mariscal Nieto, departamento de Moquegua.<\/span><\/p>\n<p><span style=\"color: #000000;\">La inversi\u00f3n para la ejecuci\u00f3n de este importante proyecto supera los 54.6 millones de d\u00f3lares y la puesta de operaci\u00f3n comercial est\u00e1 prevista, a m\u00e1s tardar, para julio del 2024, conforme al calendario de ejecuci\u00f3n de obras que forma parte del contrato.<\/span><\/p>\n<p><span style=\"color: #000000;\">El ministro de Energ\u00eda y Minas, Jaime G\u00e1lvez Delgado, remarc\u00f3 que las inversiones en energ\u00edas renovables no solo generan empleos y un dinamismo econ\u00f3mico importante, considerando la coyuntura que atraviesa el pa\u00eds, tambi\u00e9n permite asegurar un suministro sostenible para la demanda el\u00e9ctrica de todos los peruanos.<\/span><\/p>\n<p><span style=\"color: #000000;\">El presente dispositivo legal autoriza al director general de Electricidad del Minem a suscribir en representaci\u00f3n del Estado, el Contrato de Concesi\u00f3n N\u00ba 561-2021, que consta de 19 cl\u00e1usulas y 4 anexos, as\u00ed como la Escritura P\u00fablica correspondiente.<\/span><\/p>\n","protected":false},"excerpt":{"rendered":"<p>Obra demandar\u00e1 una inversi\u00f3n superior a US$ 54.6 millones y estar\u00e1n marcha en julio de 2024 Lima, 23 de Marzo 2021, (ANDINA).- El Ministerio de Energ\u00eda y Minas (Minem) otorg\u00f3 la concesi\u00f3n definitiva para desarrollar la actividad de generaci\u00f3n de energ\u00eda el\u00e9ctrica con recursos energ\u00e9ticos renovables en el proyecto \u201cCentral Hidroel\u00e9ctrica Moquegua 3\u201d, ubicada en [&hellip;]<\/p>\n","protected":false},"author":1,"featured_media":94764,"comment_status":"closed","ping_status":"closed","sticky":false,"template":"","format":"standard","meta":{"rop_custom_images_group":[],"rop_custom_messages_group":[],"rop_publish_now":"initial","rop_publish_now_accounts":[],"rop_publish_now_history":[],"rop_publish_now_status":"pending","footnotes":""},"categories":[10],"tags":[6230,5202,322],"class_list":["post-94763","post","type-post","status-publish","format-standard","has-post-thumbnail","hentry","category-actualidad-municipal","tag-jaime-galvez-delgado","tag-minem","tag-ministerio-de-energia-y-minas"],"_links":{"self":[{"href":"https:\/\/elinformanteperu.com\/index.php\/wp-json\/wp\/v2\/posts\/94763","targetHints":{"allow":["GET"]}}],"collection":[{"href":"https:\/\/elinformanteperu.com\/index.php\/wp-json\/wp\/v2\/posts"}],"about":[{"href":"https:\/\/elinformanteperu.com\/index.php\/wp-json\/wp\/v2\/types\/post"}],"author":[{"embeddable":true,"href":"https:\/\/elinformanteperu.com\/index.php\/wp-json\/wp\/v2\/users\/1"}],"replies":[{"embeddable":true,"href":"https:\/\/elinformanteperu.com\/index.php\/wp-json\/wp\/v2\/comments?post=94763"}],"version-history":[{"count":1,"href":"https:\/\/elinformanteperu.com\/index.php\/wp-json\/wp\/v2\/posts\/94763\/revisions"}],"predecessor-version":[{"id":94765,"href":"https:\/\/elinformanteperu.com\/index.php\/wp-json\/wp\/v2\/posts\/94763\/revisions\/94765"}],"wp:featuredmedia":[{"embeddable":true,"href":"https:\/\/elinformanteperu.com\/index.php\/wp-json\/wp\/v2\/media\/94764"}],"wp:attachment":[{"href":"https:\/\/elinformanteperu.com\/index.php\/wp-json\/wp\/v2\/media?parent=94763"}],"wp:term":[{"taxonomy":"category","embeddable":true,"href":"https:\/\/elinformanteperu.com\/index.php\/wp-json\/wp\/v2\/categories?post=94763"},{"taxonomy":"post_tag","embeddable":true,"href":"https:\/\/elinformanteperu.com\/index.php\/wp-json\/wp\/v2\/tags?post=94763"}],"curies":[{"name":"wp","href":"https:\/\/api.w.org\/{rel}","templated":true}]}}