{"id":94760,"date":"2021-03-23T20:56:13","date_gmt":"2021-03-24T01:56:13","guid":{"rendered":"https:\/\/elinformanteperu.com\/?p=94760"},"modified":"2021-03-23T20:56:13","modified_gmt":"2021-03-24T01:56:13","slug":"jefferson-farfan-regresar-a-alianza-lima-es-un-sueno-mas-que-cumplido","status":"publish","type":"post","link":"https:\/\/elinformanteperu.com\/index.php\/2021\/03\/23\/jefferson-farfan-regresar-a-alianza-lima-es-un-sueno-mas-que-cumplido\/","title":{"rendered":"Jefferson Farf\u00e1n: \u00abRegresar a Alianza Lima es un sue\u00f1o m\u00e1s que cumplido\u00bb"},"content":{"rendered":"<p><strong><span style=\"color: #000000;\">El delantero de 36 a\u00f1os fue presentado hoy en Matute<\/span><\/strong><\/p>\n<p><span style=\"color: #000000;\"><strong>Lima, 23 de Marzo 2021, (ANDINA).-<\/strong> El flamante refuerzo de Alianza Lima, Jefferson Farf\u00e1n, dijo que regresar al conjunto \u00edntimo es un sue\u00f1o m\u00e1s que cumplido y asegur\u00f3 que su decisi\u00f3n de volver ya estaba decidida, as\u00ed los victorianos jugaran en la Liga 2; adem\u00e1s se\u00f1al\u00f3 que su familia influy\u00f3 para volver a ponerse la blanquiazul. No descart\u00f3 que Paolo Guerrero se una pronto a \u00e9l en el conjunto victoriano.<\/span><\/p>\n<p><span style=\"color: #000000;\">Farf\u00e1n Guadalupe agradeci\u00f3 a la administraci\u00f3n de Alianza Lima por el esfuerzo denodado que hicieron para que volviera a \u00absu casa\u00bb, Tambi\u00e9n agradeci\u00f3 las muestras de cari\u00f1o de la afici\u00f3n.<\/span><\/p>\n<p><span style=\"color: #000000;\">\u00abQuiero agradecer a la instituci\u00f3n que ha hecho el gran esfuerzo por traerme. Quiero retribuir a Alianza lo que hizo por m\u00ed. Quiero dar lo mejor que tengo, quiero disfrutar estos momentos. Muchas gracias por todo el apoyo. Quiero llevar a Alianza adonde se merece\u00bb.<\/span><\/p>\n<p><span style=\"color: #000000;\">Asegur\u00f3 que su regreso se basa en todo lo que hab\u00eda logrado en su larga carrera deportiva y que tuvo mucho que ver su familia, que es hincha de Alianza, para que tomara una decisi\u00f3n r\u00e1pida.<\/span><\/p>\n<p><span style=\"color: #000000;\">\u00abRegresar a Alianza es un sue\u00f1o m\u00e1s que cumplido. En la vida hay momentos y era este el de volver a mi casa; mi idea fue por mi familia, lo decid\u00ed por ellos, porque son hinchas de Alianza\u00bb<\/span><\/p>\n<p><span style=\"color: #000000;\">El exjugador del Lokomotiv de Rusia descart\u00f3 que vaya a tomar alguna oferta que llegue desde el extranjero, porque habr\u00e1 Farf\u00e1n para rato en Alianza Lima, ya que desea llevarlo a lo m\u00e1s alto, a conseguir el t\u00edtulo nacional.<\/span><\/p>\n<p><span style=\"color: #000000;\">\u00abAlianza siempre ser\u00e1 candidato para ser campe\u00f3n. Es un equipo grande, siempre vamos a pelear por el campeonato, todo es paso a paso. En Alianza hay Farf\u00e1n para rato\u00bb.<\/span><\/p>\n<p><span style=\"color: #000000;\">Respecto a las versiones de que hab\u00eda rechazado la opci\u00f3n de militar por Alianza Lima si jugaba la segunda divisi\u00f3n, la Foquita fue categ\u00f3rico y se\u00f1al\u00f3 que su decisi\u00f3n de regresar estaba tomada, sin importar nada.<\/span><\/p>\n<p><span style=\"color: #000000;\">\u00abYo con Alianza ya tenia conversaci\u00f3n. La decisi\u00f3n hab\u00eda sido m\u00eda y de mi familia de jugar tanto en Liga 1 o en la Liga 2. Ya lo hab\u00eda planeado, solo que me encontraba en plena recuperaci\u00f3n\u00bb, indic\u00f3.<\/span><\/p>\n<p><span style=\"color: #000000;\">Sobre la posibilidad de que su debut se d\u00e9 en la pr\u00f3xima fecha, el delantero se\u00f1al\u00f3 que eso ya lo maneja el t\u00e9cnico Carlos Bustos, quien ver\u00e1 si se encuentra apto para ponerlo o no.<\/span><\/p>\n<p><span style=\"color: #000000;\">Ante la opci\u00f3n de juntarse con Paolo Guerrero en la escuadra victoriana, Jefferson dijo que pronto se concretar\u00eda y que espera con ansias que llegue ese momento.<\/span><\/p>\n<p><span style=\"color: #000000;\">\u00abQue nadie dude de que a la pr\u00f3xima lo traigo a Paolo (Guerrero). \u00c9l es el m\u00e1s feliz de que yo haya regresado y vendr\u00e1 pronto, eso lo tengo claro\u00bb, culmin\u00f3 el delantero.<\/span><\/p>\n<p><iframe title=\"YouTube video player\" src=\"https:\/\/www.youtube-nocookie.com\/embed\/7smdN6zGz7M?controls=0\" width=\"520\" height=\"315\" frameborder=\"0\" allowfullscreen=\"allowfullscreen\"><span data-mce-type=\"bookmark\" style=\"display: inline-block; width: 0px; overflow: hidden; line-height: 0;\" class=\"mce_SELRES_start\">\ufeff<\/span><\/iframe><\/p>\n","protected":false},"excerpt":{"rendered":"<p>El delantero de 36 a\u00f1os fue presentado hoy en Matute Lima, 23 de Marzo 2021, (ANDINA).- El flamante refuerzo de Alianza Lima, Jefferson Farf\u00e1n, dijo que regresar al conjunto \u00edntimo es un sue\u00f1o m\u00e1s que cumplido y asegur\u00f3 que su decisi\u00f3n de volver ya estaba decidida, as\u00ed los victorianos jugaran en la Liga 2; adem\u00e1s [&hellip;]<\/p>\n","protected":false},"author":1,"featured_media":94761,"comment_status":"closed","ping_status":"closed","sticky":false,"template":"","format":"standard","meta":{"rop_custom_images_group":[],"rop_custom_messages_group":[],"rop_publish_now":"initial","rop_publish_now_accounts":[],"rop_publish_now_history":[],"rop_publish_now_status":"pending","footnotes":""},"categories":[8,5745],"tags":[91,670],"class_list":["post-94760","post","type-post","status-publish","format-standard","has-post-thumbnail","hentry","category-disciplinas-deportivas","category-lo-ultimo","tag-alianza-lima","tag-jefferson-farfan"],"_links":{"self":[{"href":"https:\/\/elinformanteperu.com\/index.php\/wp-json\/wp\/v2\/posts\/94760","targetHints":{"allow":["GET"]}}],"collection":[{"href":"https:\/\/elinformanteperu.com\/index.php\/wp-json\/wp\/v2\/posts"}],"about":[{"href":"https:\/\/elinformanteperu.com\/index.php\/wp-json\/wp\/v2\/types\/post"}],"author":[{"embeddable":true,"href":"https:\/\/elinformanteperu.com\/index.php\/wp-json\/wp\/v2\/users\/1"}],"replies":[{"embeddable":true,"href":"https:\/\/elinformanteperu.com\/index.php\/wp-json\/wp\/v2\/comments?post=94760"}],"version-history":[{"count":1,"href":"https:\/\/elinformanteperu.com\/index.php\/wp-json\/wp\/v2\/posts\/94760\/revisions"}],"predecessor-version":[{"id":94762,"href":"https:\/\/elinformanteperu.com\/index.php\/wp-json\/wp\/v2\/posts\/94760\/revisions\/94762"}],"wp:featuredmedia":[{"embeddable":true,"href":"https:\/\/elinformanteperu.com\/index.php\/wp-json\/wp\/v2\/media\/94761"}],"wp:attachment":[{"href":"https:\/\/elinformanteperu.com\/index.php\/wp-json\/wp\/v2\/media?parent=94760"}],"wp:term":[{"taxonomy":"category","embeddable":true,"href":"https:\/\/elinformanteperu.com\/index.php\/wp-json\/wp\/v2\/categories?post=94760"},{"taxonomy":"post_tag","embeddable":true,"href":"https:\/\/elinformanteperu.com\/index.php\/wp-json\/wp\/v2\/tags?post=94760"}],"curies":[{"name":"wp","href":"https:\/\/api.w.org\/{rel}","templated":true}]}}