{"id":94649,"date":"2021-03-21T16:16:13","date_gmt":"2021-03-21T21:16:13","guid":{"rendered":"https:\/\/elinformanteperu.com\/?p=94649"},"modified":"2021-03-21T16:16:13","modified_gmt":"2021-03-21T21:16:13","slug":"elecciones-2021-propuestas-de-cesar-acuna-estan-debidamente-sustentadas-afirman","status":"publish","type":"post","link":"https:\/\/elinformanteperu.com\/index.php\/2021\/03\/21\/elecciones-2021-propuestas-de-cesar-acuna-estan-debidamente-sustentadas-afirman\/","title":{"rendered":"Elecciones 2021: propuestas de C\u00e9sar Acu\u00f1a est\u00e1n debidamente sustentadas, afirman"},"content":{"rendered":"<p><span style=\"color: #000000;\"><strong>Lima, 21 de Marzo 2021, (ANDINA).-<\/strong> Las propuestas del candidato presidencial por Alianza por el Progreso, C\u00e9sar Acu\u00f1a, sobre el bono covid-19 para la poblaci\u00f3n y la compra de deuda a las personas que entraron en morosidad est\u00e1n debidamente sustentadas por an\u00e1lisis t\u00e9cnicos de especialistas, afirm\u00f3 el postulante a la segunda vicepresidencia esta agrupaci\u00f3n, Luis Iberico.<\/span><\/p>\n<p><span style=\"color: #000000;\">En declaraciones a la Agencia Andina, indic\u00f3 que en el actual proceso electoral \u00abnada est\u00e1 dicho\u00bb dado que los candidatos est\u00e1n muy pegados en las encuestas y que el pron\u00f3stico sobre qui\u00e9n ganar\u00e1 a\u00fan sigue siendo reservado.<\/span><\/p>\n<p><span style=\"color: #000000;\">\u00abTodo ha pasado por el an\u00e1lisis t\u00e9cnico de nuestros especialistas, nada est\u00e1 en el aire, nosotros vemos que el Per\u00fa todav\u00eda tiene una gran capacidad de endeudamiento y el factor de la deuda externa es muy manejable. Consideramos que, mediante emisi\u00f3n de bonos, podemos obtener los recursos econ\u00f3micos que se necesitan para el bono covid-19 y la compra de deuda\u00bb, dijo.<\/span><\/p>\n<p><span style=\"color: #000000;\">Iberico precis\u00f3 que ambas propuestas constituyen un apoyo a los m\u00e1s necesitados y que, adem\u00e1s servir\u00e1n para generar la reactivaci\u00f3n econ\u00f3mica.<\/span><\/p>\n<p><span style=\"color: #000000;\">\u00abEsa personas que recibe el bono va a consumir ese dinero, y, por lo tanto, retorna a la econom\u00eda nacional, mientras que la compra de deuda no ser\u00e1 un perro muerto, porque ser\u00e1 pagado en un plazo de 10 o 15 a\u00f1os y se puede negociar con los propios acreedores\u00bb, refiri\u00f3.<\/span><\/p>\n<p><span style=\"color: #000000;\">En ese sentido, consider\u00f3 que C\u00e9sar Acu\u00f1a tiene una gran presencia medi\u00e1tica porque estas propuestas \u00abcalan en la ciudadan\u00eda\u00bb, porque van a solucionar problemas que tiene la gente.<\/span><\/p>\n<p><span style=\"color: #000000;\">\u00abAqu\u00ed lo importante es que primero es la gente, la persona, la familia, es muy bueno el Reactiva Per\u00fa para la empresas, pero la gente no puede quedarse fuera, la gente pasa necesidades econ\u00f3micas y sanitarias, y por eso es necesario apoyarlos\u00bb, agreg\u00f3.<\/span><\/p>\n<p><span style=\"color: #000000;\">De otro lado, se\u00f1al\u00f3 que en un eventual gobierno de C\u00e9sar Acu\u00f1a se redoblar\u00edan los esfuerzos para continuar comprando las vacunas necesarias para terminar de inmunizar a la poblaci\u00f3n este a\u00f1o, de manera conjunta con el sector p\u00fablico y privado.<\/span><\/p>\n","protected":false},"excerpt":{"rendered":"<p>Lima, 21 de Marzo 2021, (ANDINA).- Las propuestas del candidato presidencial por Alianza por el Progreso, C\u00e9sar Acu\u00f1a, sobre el bono covid-19 para la poblaci\u00f3n y la compra de deuda a las personas que entraron en morosidad est\u00e1n debidamente sustentadas por an\u00e1lisis t\u00e9cnicos de especialistas, afirm\u00f3 el postulante a la segunda vicepresidencia esta agrupaci\u00f3n, Luis [&hellip;]<\/p>\n","protected":false},"author":1,"featured_media":93717,"comment_status":"closed","ping_status":"closed","sticky":false,"template":"","format":"standard","meta":{"rop_custom_images_group":[],"rop_custom_messages_group":[],"rop_publish_now":"initial","rop_publish_now_accounts":[],"rop_publish_now_history":[],"rop_publish_now_status":"pending","footnotes":""},"categories":[5],"tags":[275,276,632,3858],"class_list":["post-94649","post","type-post","status-publish","format-standard","has-post-thumbnail","hentry","category-actualidad-informativa","tag-alianza-para-el-progreso","tag-app","tag-cesar-acuna","tag-luis-iberico"],"_links":{"self":[{"href":"https:\/\/elinformanteperu.com\/index.php\/wp-json\/wp\/v2\/posts\/94649","targetHints":{"allow":["GET"]}}],"collection":[{"href":"https:\/\/elinformanteperu.com\/index.php\/wp-json\/wp\/v2\/posts"}],"about":[{"href":"https:\/\/elinformanteperu.com\/index.php\/wp-json\/wp\/v2\/types\/post"}],"author":[{"embeddable":true,"href":"https:\/\/elinformanteperu.com\/index.php\/wp-json\/wp\/v2\/users\/1"}],"replies":[{"embeddable":true,"href":"https:\/\/elinformanteperu.com\/index.php\/wp-json\/wp\/v2\/comments?post=94649"}],"version-history":[{"count":1,"href":"https:\/\/elinformanteperu.com\/index.php\/wp-json\/wp\/v2\/posts\/94649\/revisions"}],"predecessor-version":[{"id":94650,"href":"https:\/\/elinformanteperu.com\/index.php\/wp-json\/wp\/v2\/posts\/94649\/revisions\/94650"}],"wp:featuredmedia":[{"embeddable":true,"href":"https:\/\/elinformanteperu.com\/index.php\/wp-json\/wp\/v2\/media\/93717"}],"wp:attachment":[{"href":"https:\/\/elinformanteperu.com\/index.php\/wp-json\/wp\/v2\/media?parent=94649"}],"wp:term":[{"taxonomy":"category","embeddable":true,"href":"https:\/\/elinformanteperu.com\/index.php\/wp-json\/wp\/v2\/categories?post=94649"},{"taxonomy":"post_tag","embeddable":true,"href":"https:\/\/elinformanteperu.com\/index.php\/wp-json\/wp\/v2\/tags?post=94649"}],"curies":[{"name":"wp","href":"https:\/\/api.w.org\/{rel}","templated":true}]}}