{"id":94646,"date":"2021-03-21T16:13:15","date_gmt":"2021-03-21T21:13:15","guid":{"rendered":"https:\/\/elinformanteperu.com\/?p=94646"},"modified":"2021-03-21T16:13:15","modified_gmt":"2021-03-21T21:13:15","slug":"elecciones-2021-hernando-de-soto-dice-estar-listo-para-dar-sus-propuestas-en-debate","status":"publish","type":"post","link":"https:\/\/elinformanteperu.com\/index.php\/2021\/03\/21\/elecciones-2021-hernando-de-soto-dice-estar-listo-para-dar-sus-propuestas-en-debate\/","title":{"rendered":"Elecciones 2021: Hernando de Soto dice estar listo para dar sus propuestas en debate"},"content":{"rendered":"<p><span style=\"color: #000000;\"><strong>Lima, 21 de Marzo 2021, (ANDINA).-<\/strong> El candidato presidencial por Avanza Pa\u00eds, Hernando de Soto, asegur\u00f3 estar listo y preparado para dar sus sus propuestas para mejorar la gobernabilidad y el desarrollo del pa\u00eds en el debate electoral 2021 organizado por el Jurado Nacional de Elecciones (JNE).<\/span><\/p>\n<p><span style=\"color: #000000;\">\u201cSer\u00e1 una oportunidad para explicar al detalle mis propuestas. Mi primera participaci\u00f3n en el rol de exposici\u00f3n de ideas, que ser\u00e1 el pr\u00f3ximo 30 de marzo, est\u00e1 referido al contenido del plan de gobierno respecto a los desaf\u00edos de la educaci\u00f3n en el pa\u00eds. Un tema, crucial para el desarrollo sostenido del pa\u00eds en todos sus aspectos\u201d, coment\u00f3.<\/span><\/p>\n<p><span style=\"color: #000000;\">Asimismo, el economista detall\u00f3 que en el llamado \u201cBloque 2\u201d, responder\u00e1 una pregunta de la ciudadan\u00eda referida a educaci\u00f3n y la generaci\u00f3n del conocimiento en todos los peruanos, \u201cun punto de mucha trascendencia para el futuro mediato del Per\u00fa\u201d.<\/span><\/p>\n<p><span style=\"color: #000000;\">\u201cTambi\u00e9n estamos preparados para exponer y detallar toda nuestra propuesta referida a Seguridad Ciudadana, un flagelo que hasta el momento ning\u00fan gobierno ha podido combatir la delincuencia en las calles\u201d, dijo De Soto Polar.<\/span><\/p>\n<p><span style=\"color: #000000;\">En este aspecto, tenemos una soluci\u00f3n innovadora y moderna \u201cque pondr\u00e1 fin a este grave problema que nos afecta como sociedad a todos los peruanos\u201d, a\u00f1adi\u00f3.<\/span><\/p>\n","protected":false},"excerpt":{"rendered":"<p>Lima, 21 de Marzo 2021, (ANDINA).- El candidato presidencial por Avanza Pa\u00eds, Hernando de Soto, asegur\u00f3 estar listo y preparado para dar sus sus propuestas para mejorar la gobernabilidad y el desarrollo del pa\u00eds en el debate electoral 2021 organizado por el Jurado Nacional de Elecciones (JNE). \u201cSer\u00e1 una oportunidad para explicar al detalle mis [&hellip;]<\/p>\n","protected":false},"author":1,"featured_media":94647,"comment_status":"closed","ping_status":"closed","sticky":false,"template":"","format":"standard","meta":{"rop_custom_images_group":[],"rop_custom_messages_group":[],"rop_publish_now":"initial","rop_publish_now_accounts":[],"rop_publish_now_history":[],"rop_publish_now_status":"pending","footnotes":""},"categories":[5],"tags":[6131,5461,6130],"class_list":["post-94646","post","type-post","status-publish","format-standard","has-post-thumbnail","hentry","category-actualidad-informativa","tag-avanza-pais","tag-elecciones-2021","tag-hernando-de-soto"],"_links":{"self":[{"href":"https:\/\/elinformanteperu.com\/index.php\/wp-json\/wp\/v2\/posts\/94646","targetHints":{"allow":["GET"]}}],"collection":[{"href":"https:\/\/elinformanteperu.com\/index.php\/wp-json\/wp\/v2\/posts"}],"about":[{"href":"https:\/\/elinformanteperu.com\/index.php\/wp-json\/wp\/v2\/types\/post"}],"author":[{"embeddable":true,"href":"https:\/\/elinformanteperu.com\/index.php\/wp-json\/wp\/v2\/users\/1"}],"replies":[{"embeddable":true,"href":"https:\/\/elinformanteperu.com\/index.php\/wp-json\/wp\/v2\/comments?post=94646"}],"version-history":[{"count":1,"href":"https:\/\/elinformanteperu.com\/index.php\/wp-json\/wp\/v2\/posts\/94646\/revisions"}],"predecessor-version":[{"id":94648,"href":"https:\/\/elinformanteperu.com\/index.php\/wp-json\/wp\/v2\/posts\/94646\/revisions\/94648"}],"wp:featuredmedia":[{"embeddable":true,"href":"https:\/\/elinformanteperu.com\/index.php\/wp-json\/wp\/v2\/media\/94647"}],"wp:attachment":[{"href":"https:\/\/elinformanteperu.com\/index.php\/wp-json\/wp\/v2\/media?parent=94646"}],"wp:term":[{"taxonomy":"category","embeddable":true,"href":"https:\/\/elinformanteperu.com\/index.php\/wp-json\/wp\/v2\/categories?post=94646"},{"taxonomy":"post_tag","embeddable":true,"href":"https:\/\/elinformanteperu.com\/index.php\/wp-json\/wp\/v2\/tags?post=94646"}],"curies":[{"name":"wp","href":"https:\/\/api.w.org\/{rel}","templated":true}]}}