{"id":94643,"date":"2021-03-21T16:10:36","date_gmt":"2021-03-21T21:10:36","guid":{"rendered":"https:\/\/elinformanteperu.com\/?p=94643"},"modified":"2021-03-21T16:10:36","modified_gmt":"2021-03-21T21:10:36","slug":"elecciones-2021-votacion-del-11-de-abril-sera-con-final-de-fotografia","status":"publish","type":"post","link":"https:\/\/elinformanteperu.com\/index.php\/2021\/03\/21\/elecciones-2021-votacion-del-11-de-abril-sera-con-final-de-fotografia\/","title":{"rendered":"Elecciones 2021: votaci\u00f3n del 11 de abril ser\u00e1 con final de fotograf\u00eda"},"content":{"rendered":"<p><span style=\"color: #000000;\"><strong>Lima, 21 de Marzo 2021, (ANDINA).-<\/strong> En un final de fotograf\u00eda se definir\u00e1 la votaci\u00f3n del pr\u00f3ximo 11 de abril para elegir al nuevo presidente de la Rep\u00fablica, se\u00f1al\u00f3 el consultor en marketing pol\u00edtico Pablo Rojas D\u00edaz.<\/span><\/p>\n<p><span style=\"color: #000000;\">En entrevista con la Agencia Andina, explic\u00f3 que los resultados de las recientes encuestas, en las que se ve poca distancia entre candidatos y en las que el margen de error puede hacer variar posiciones, permite avizorar resultados ajustados.<\/span><\/p>\n<p><span style=\"color: #000000;\">\u201cVa a ser un final de fotograf\u00eda, de eso no me cabe duda, en el sentido de que la elecci\u00f3n va a estar definida por muy pocos votos\u201d, manifest\u00f3.<\/span><\/p>\n<p><span style=\"color: #000000;\">Rojas record\u00f3, adem\u00e1s, que a\u00fan hay un alto porcentaje de voto indeciso y \u201cvoto vergonzante\u201d; es decir de gente que dice que votar\u00e1 en blanco, viciado o simplemente no votar\u00e1, o simplemente no lo dice, pero ya lo tiene decidido.<\/span><\/p>\n<p><span style=\"color: #000000;\">\u201cLos candidatos que a vista general no son bien apreciados, o tienen una imagen negativa m\u00e1s alta que la positiva en la opini\u00f3n p\u00fablica, muchas veces tienen un apoyo negado inicialmente, pero en la votaci\u00f3n sale diferente\u201d, refiri\u00f3.<\/span><\/p>\n<p><strong><span style=\"color: #000000;\">Debates<\/span><\/strong><\/p>\n<p><span style=\"color: #000000;\">Respecto a los debates entre candidatos, mencion\u00f3 que estos usualmente consolidan el voto propio, el que ya tiene decidido, y termina de consolidar el de aquellos que ten\u00edan cierta inclinaci\u00f3n por determinado candidato.<\/span><\/p>\n<p><span style=\"color: #000000;\">Dijo, adem\u00e1s, que en un contexto como el que se vive por la pandemia de la covid-19, en el que los candidatos no han tenido una interacci\u00f3n mayor con la gente, el debate podr\u00eda tener resultados interesantes.<\/span><\/p>\n<p><span style=\"color: #000000;\">\u201cPodr\u00eda tener un peso mayor al que ten\u00eda, y es probable que a m\u00e1s de un indeciso le resuelva la duda, pero eso requiere una investigaci\u00f3n\u201d, anot\u00f3.<\/span><\/p>\n","protected":false},"excerpt":{"rendered":"<p>Lima, 21 de Marzo 2021, (ANDINA).- En un final de fotograf\u00eda se definir\u00e1 la votaci\u00f3n del pr\u00f3ximo 11 de abril para elegir al nuevo presidente de la Rep\u00fablica, se\u00f1al\u00f3 el consultor en marketing pol\u00edtico Pablo Rojas D\u00edaz. En entrevista con la Agencia Andina, explic\u00f3 que los resultados de las recientes encuestas, en las que se [&hellip;]<\/p>\n","protected":false},"author":1,"featured_media":94644,"comment_status":"closed","ping_status":"closed","sticky":false,"template":"","format":"standard","meta":{"rop_custom_images_group":[],"rop_custom_messages_group":[],"rop_publish_now":"initial","rop_publish_now_accounts":[],"rop_publish_now_history":[],"rop_publish_now_status":"pending","footnotes":""},"categories":[5],"tags":[6409,5461],"class_list":["post-94643","post","type-post","status-publish","format-standard","has-post-thumbnail","hentry","category-actualidad-informativa","tag-debate-presidencial-2021","tag-elecciones-2021"],"_links":{"self":[{"href":"https:\/\/elinformanteperu.com\/index.php\/wp-json\/wp\/v2\/posts\/94643","targetHints":{"allow":["GET"]}}],"collection":[{"href":"https:\/\/elinformanteperu.com\/index.php\/wp-json\/wp\/v2\/posts"}],"about":[{"href":"https:\/\/elinformanteperu.com\/index.php\/wp-json\/wp\/v2\/types\/post"}],"author":[{"embeddable":true,"href":"https:\/\/elinformanteperu.com\/index.php\/wp-json\/wp\/v2\/users\/1"}],"replies":[{"embeddable":true,"href":"https:\/\/elinformanteperu.com\/index.php\/wp-json\/wp\/v2\/comments?post=94643"}],"version-history":[{"count":1,"href":"https:\/\/elinformanteperu.com\/index.php\/wp-json\/wp\/v2\/posts\/94643\/revisions"}],"predecessor-version":[{"id":94645,"href":"https:\/\/elinformanteperu.com\/index.php\/wp-json\/wp\/v2\/posts\/94643\/revisions\/94645"}],"wp:featuredmedia":[{"embeddable":true,"href":"https:\/\/elinformanteperu.com\/index.php\/wp-json\/wp\/v2\/media\/94644"}],"wp:attachment":[{"href":"https:\/\/elinformanteperu.com\/index.php\/wp-json\/wp\/v2\/media?parent=94643"}],"wp:term":[{"taxonomy":"category","embeddable":true,"href":"https:\/\/elinformanteperu.com\/index.php\/wp-json\/wp\/v2\/categories?post=94643"},{"taxonomy":"post_tag","embeddable":true,"href":"https:\/\/elinformanteperu.com\/index.php\/wp-json\/wp\/v2\/tags?post=94643"}],"curies":[{"name":"wp","href":"https:\/\/api.w.org\/{rel}","templated":true}]}}