{"id":94640,"date":"2021-03-21T16:07:26","date_gmt":"2021-03-21T21:07:26","guid":{"rendered":"https:\/\/elinformanteperu.com\/?p=94640"},"modified":"2021-03-21T16:07:26","modified_gmt":"2021-03-21T21:07:26","slug":"elecciones-2021-marco-arana-ofrece-programa-nacional-de-fomento-a-pequena-agroindustria","status":"publish","type":"post","link":"https:\/\/elinformanteperu.com\/index.php\/2021\/03\/21\/elecciones-2021-marco-arana-ofrece-programa-nacional-de-fomento-a-pequena-agroindustria\/","title":{"rendered":"Elecciones 2021: Marco Arana ofrece programa nacional de fomento a peque\u00f1a agroindustria"},"content":{"rendered":"<p><span style=\"color: #000000;\"><strong>Lima, 21 de Marzo 2021, (ANDINA).-<\/strong> El candidato presidencial del Frente Amplio, Marco Arana, anunci\u00f3 la implementaci\u00f3n del Programa Nacional de Fomento a la Peque\u00f1a Agroindustria Ecol\u00f3gica para contribuir a la reactivaci\u00f3n y la diversificaci\u00f3n econ\u00f3mica ecol\u00f3gicamente sostenibles.<\/span><\/p>\n<p><span style=\"color: #000000;\">Esta medida, seg\u00fan indic\u00f3 el candidato presidencial, es generar empleo y salvaguardar la biodiversidad utilizando productos nativos como la maca, c\u00farcuma, estevia, ortiga, camu-camu, coca, sacha inchi, mu\u00f1a, tinkar, quina, cacao y coca org\u00e1nica certificada del Valle de los R\u00edos Apur\u00edmac y Ene (Vraem).<\/span><\/p>\n<p><span style=\"color: #000000;\">Durante su visita a Ayacucho y Huancavelica, Arana se reuni\u00f3 con productores de la agroindustria de productos nativos, actividad que puede desarrollarse sobre la base de la biodiversidad y sin da\u00f1ar el medio ambiente.<\/span><\/p>\n<p><span style=\"color: #000000;\">Resalt\u00f3 el trabajo de la Asociaci\u00f3n Peruana de la Hoja de Coca y Productores de Cacao de Ayacucho y dijo que sus integrantes hacen patria \u00absin los privilegios que consiguen las grandes empresas que financian campa\u00f1as de partidos pol\u00edticos corruptos para tener leyes que los benefician tributariamente o que les permiten depredar los ecosistemas\u00bb.<\/span><\/p>\n<p><span style=\"color: #000000;\">Arana visit\u00f3 las instalaciones de la peque\u00f1a agroindustria de productos nutrac\u00e9uticos de Esteban Flores Chumbe y su familia e indic\u00f3 que estos emprendimientos deben extenderse a todo el pa\u00eds con las certificaciones sanitarias y la formalizaci\u00f3n debida, puesto que est\u00e1n llamadas a ser parte de la marca Per\u00fa.<\/span><\/p>\n<p><span style=\"color: #000000;\">\u201cLa mayor\u00eda de los productos que esta agroindustria utiliza son end\u00e9micos de Per\u00fa, algunos de los cuales crecen a m\u00e1s de 3000 msnm donde hay quienes dicen que no se produce nada y no hay lugar para otras actividades econ\u00f3micas\u201d, refiri\u00f3.<\/span><\/p>\n<p><span style=\"color: #000000;\">Dijo que su eventual gobierno impulsar\u00e1 la peque\u00f1a agroindustria nutrac\u00e9utica y fitoterapeutica y el rescate de especies nativas de gran potencial como el tinkar que tiene propiedades antioxidantes de alto aprecio en el mercado, pero que lamentablemente se halla en peligro de extinci\u00f3n. Fermentar\u00e1 la investigaci\u00f3n y su desarrollo sostenible.<\/span><\/p>\n<p><span style=\"color: #000000;\">Expres\u00f3 su compromiso de aprobar una ley de coca org\u00e1nica certificada que contribuya y forme parte de la lucha contra el narcotr\u00e1fico.<\/span><\/p>\n","protected":false},"excerpt":{"rendered":"<p>Lima, 21 de Marzo 2021, (ANDINA).- El candidato presidencial del Frente Amplio, Marco Arana, anunci\u00f3 la implementaci\u00f3n del Programa Nacional de Fomento a la Peque\u00f1a Agroindustria Ecol\u00f3gica para contribuir a la reactivaci\u00f3n y la diversificaci\u00f3n econ\u00f3mica ecol\u00f3gicamente sostenibles. Esta medida, seg\u00fan indic\u00f3 el candidato presidencial, es generar empleo y salvaguardar la biodiversidad utilizando productos nativos [&hellip;]<\/p>\n","protected":false},"author":1,"featured_media":94641,"comment_status":"closed","ping_status":"closed","sticky":false,"template":"","format":"standard","meta":{"rop_custom_images_group":[],"rop_custom_messages_group":[],"rop_publish_now":"initial","rop_publish_now_accounts":[],"rop_publish_now_history":[],"rop_publish_now_status":"pending","footnotes":""},"categories":[5],"tags":[5461,158,476],"class_list":["post-94640","post","type-post","status-publish","format-standard","has-post-thumbnail","hentry","category-actualidad-informativa","tag-elecciones-2021","tag-frente-amplio","tag-marco-arana"],"_links":{"self":[{"href":"https:\/\/elinformanteperu.com\/index.php\/wp-json\/wp\/v2\/posts\/94640","targetHints":{"allow":["GET"]}}],"collection":[{"href":"https:\/\/elinformanteperu.com\/index.php\/wp-json\/wp\/v2\/posts"}],"about":[{"href":"https:\/\/elinformanteperu.com\/index.php\/wp-json\/wp\/v2\/types\/post"}],"author":[{"embeddable":true,"href":"https:\/\/elinformanteperu.com\/index.php\/wp-json\/wp\/v2\/users\/1"}],"replies":[{"embeddable":true,"href":"https:\/\/elinformanteperu.com\/index.php\/wp-json\/wp\/v2\/comments?post=94640"}],"version-history":[{"count":1,"href":"https:\/\/elinformanteperu.com\/index.php\/wp-json\/wp\/v2\/posts\/94640\/revisions"}],"predecessor-version":[{"id":94642,"href":"https:\/\/elinformanteperu.com\/index.php\/wp-json\/wp\/v2\/posts\/94640\/revisions\/94642"}],"wp:featuredmedia":[{"embeddable":true,"href":"https:\/\/elinformanteperu.com\/index.php\/wp-json\/wp\/v2\/media\/94641"}],"wp:attachment":[{"href":"https:\/\/elinformanteperu.com\/index.php\/wp-json\/wp\/v2\/media?parent=94640"}],"wp:term":[{"taxonomy":"category","embeddable":true,"href":"https:\/\/elinformanteperu.com\/index.php\/wp-json\/wp\/v2\/categories?post=94640"},{"taxonomy":"post_tag","embeddable":true,"href":"https:\/\/elinformanteperu.com\/index.php\/wp-json\/wp\/v2\/tags?post=94640"}],"curies":[{"name":"wp","href":"https:\/\/api.w.org\/{rel}","templated":true}]}}