{"id":94580,"date":"2021-03-20T01:57:32","date_gmt":"2021-03-20T06:57:32","guid":{"rendered":"https:\/\/elinformanteperu.com\/?p=94580"},"modified":"2021-03-20T01:57:32","modified_gmt":"2021-03-20T06:57:32","slug":"presidente-medidas-de-semana-santa-permitiran-llegar-con-tranquilidad-a-elecciones","status":"publish","type":"post","link":"https:\/\/elinformanteperu.com\/index.php\/2021\/03\/20\/presidente-medidas-de-semana-santa-permitiran-llegar-con-tranquilidad-a-elecciones\/","title":{"rendered":"Presidente: medidas de Semana Santa permitir\u00e1n llegar con tranquilidad a elecciones"},"content":{"rendered":"<p><strong><span style=\"color: #000000;\">Mandatario se\u00f1ala que mejor\u00eda de indicadores de pandemia a\u00fan es d\u00e9bil<\/span><\/strong><\/p>\n<p><span style=\"color: #000000;\"><strong>Lima, 19 de Marzo 2021, (ANDINA).-<\/strong> El presidente Francisco Sagasti consider\u00f3 que las medidas restrictivas establecidas para la Semana Santa, destinadas a evitar el contagio del covid-19, permitir\u00e1n que el pa\u00eds llegue a las elecciones del 11 de abril \u201ccon tranquilidad\u201d.<\/span><\/p>\n<p><span style=\"color: #000000;\">En entrevista con TV Per\u00fa, el Jefe del Estado refiri\u00f3 que estas disposiciones fueron adoptadas \u201cdespu\u00e9s de mucha deliberaci\u00f3n y di\u00e1logo\u201d, y teniendo en cuenta la situaci\u00f3n de los indicadores de la pandemia, as\u00ed como el comportamiento de los peruanos durante estas festividades.<\/span><\/p>\n<p><span style=\"color: #000000;\">\u201cEs un sacrificio m\u00e1s que nos permitir\u00e1 llegar al per\u00edodo de elecciones con tranquilidad, mientras llegan las vacunas progresivamente\u201d, argument\u00f3 el Presidente.<\/span><\/p>\n<p><span style=\"color: #000000;\">Inform\u00f3 que se convers\u00f3 al respecto con la Iglesia cat\u00f3lica y con los empresarios de turismo, que son los sectores que en Semana Santa mantienen una actividad significativa, y ellos entendieron.<\/span><\/p>\n<p><span style=\"color: #000000;\">Sagasti dio cuenta de que las estad\u00edsticas sobre contagios de covid-19 indican que \u201ctenemos una mejor\u00eda en t\u00e9rminos de tendencia que es real, pero muy d\u00e9bil\u201d. En tal sentido, y ante la llegada de la tradicional festividad religiosa, que implicaba la realizaci\u00f3n de ceremonias y viajes, se necesitaban medidas de refuerzo.<\/span><\/p>\n<p><span style=\"color: #000000;\">Lo que se busca evitar es lo ocurrido en la segunda ola de los contagios, la cual \u2013dijo el mandatario- \u201cfue resultado de navidad y a\u00f1o nuevo\u201d, fechas en las que la gente busc\u00f3 reunirse y festejar. Record\u00f3 que, ante ese repunte de la enfermedad, su gobierno impuso diversas restricciones, adecuadas al estado en que se encontraba cada regi\u00f3n en este tema.<\/span><\/p>\n<p><strong><span style=\"color: #000000;\">Vacunas hasta fin de a\u00f1o<\/span><\/strong><\/p>\n<p><span style=\"color: #000000;\">Por otro lado, Sagasti recalc\u00f3 que el pa\u00eds tiene asegurada la llegada hasta fin de a\u00f1o de 48 millones de dosis de la vacuna contra la covid-19. Refiri\u00f3 que contin\u00faan las negociaciones para concretar la venida de 38 millones m\u00e1s provenientes del laboratorio Sinopharm, cinco millones de Johnson y Johnson y diez millones de la vacuna de Gamaleya.<\/span><\/p>\n<p><span style=\"color: #000000;\">Estas conversaciones se extienden a otros laboratorios y pa\u00edses, a\u00f1adi\u00f3 el Presidente, quien tambi\u00e9n respondi\u00f3 a quienes critican la velocidad con la que llegan las vacunas.<\/span><\/p>\n<p><span style=\"color: #000000;\">\u201cNo tienen la menor idea de lo complejo que es negociar estas compras\u201d, indic\u00f3, se\u00f1alando que se requiere, adem\u00e1s de un equipo legal muy especializado, asegurar buenas pr\u00e1cticas de manufactura de estos f\u00e1rmacos.<\/span><\/p>\n","protected":false},"excerpt":{"rendered":"<p>Mandatario se\u00f1ala que mejor\u00eda de indicadores de pandemia a\u00fan es d\u00e9bil Lima, 19 de Marzo 2021, (ANDINA).- El presidente Francisco Sagasti consider\u00f3 que las medidas restrictivas establecidas para la Semana Santa, destinadas a evitar el contagio del covid-19, permitir\u00e1n que el pa\u00eds llegue a las elecciones del 11 de abril \u201ccon tranquilidad\u201d. En entrevista con [&hellip;]<\/p>\n","protected":false},"author":1,"featured_media":94581,"comment_status":"closed","ping_status":"closed","sticky":false,"template":"","format":"standard","meta":{"rop_custom_images_group":[],"rop_custom_messages_group":[],"rop_publish_now":"initial","rop_publish_now_accounts":[],"rop_publish_now_history":[],"rop_publish_now_status":"pending","footnotes":""},"categories":[5],"tags":[6322,5263,5374],"class_list":["post-94580","post","type-post","status-publish","format-standard","has-post-thumbnail","hentry","category-actualidad-informativa","tag-covid-segunda-ola","tag-francisco-sagasti","tag-peru-estado-de-emergencia"],"_links":{"self":[{"href":"https:\/\/elinformanteperu.com\/index.php\/wp-json\/wp\/v2\/posts\/94580","targetHints":{"allow":["GET"]}}],"collection":[{"href":"https:\/\/elinformanteperu.com\/index.php\/wp-json\/wp\/v2\/posts"}],"about":[{"href":"https:\/\/elinformanteperu.com\/index.php\/wp-json\/wp\/v2\/types\/post"}],"author":[{"embeddable":true,"href":"https:\/\/elinformanteperu.com\/index.php\/wp-json\/wp\/v2\/users\/1"}],"replies":[{"embeddable":true,"href":"https:\/\/elinformanteperu.com\/index.php\/wp-json\/wp\/v2\/comments?post=94580"}],"version-history":[{"count":1,"href":"https:\/\/elinformanteperu.com\/index.php\/wp-json\/wp\/v2\/posts\/94580\/revisions"}],"predecessor-version":[{"id":94582,"href":"https:\/\/elinformanteperu.com\/index.php\/wp-json\/wp\/v2\/posts\/94580\/revisions\/94582"}],"wp:featuredmedia":[{"embeddable":true,"href":"https:\/\/elinformanteperu.com\/index.php\/wp-json\/wp\/v2\/media\/94581"}],"wp:attachment":[{"href":"https:\/\/elinformanteperu.com\/index.php\/wp-json\/wp\/v2\/media?parent=94580"}],"wp:term":[{"taxonomy":"category","embeddable":true,"href":"https:\/\/elinformanteperu.com\/index.php\/wp-json\/wp\/v2\/categories?post=94580"},{"taxonomy":"post_tag","embeddable":true,"href":"https:\/\/elinformanteperu.com\/index.php\/wp-json\/wp\/v2\/tags?post=94580"}],"curies":[{"name":"wp","href":"https:\/\/api.w.org\/{rel}","templated":true}]}}