{"id":94575,"date":"2021-03-20T01:07:36","date_gmt":"2021-03-20T06:07:36","guid":{"rendered":"https:\/\/elinformanteperu.com\/?p=94575"},"modified":"2021-03-20T01:07:36","modified_gmt":"2021-03-20T06:07:36","slug":"elecciones-2021-cgtp-organizara-debate-entre-candidatos-presidenciales","status":"publish","type":"post","link":"https:\/\/elinformanteperu.com\/index.php\/2021\/03\/20\/elecciones-2021-cgtp-organizara-debate-entre-candidatos-presidenciales\/","title":{"rendered":"Elecciones 2021: CGTP organizar\u00e1 debate entre candidatos presidenciales"},"content":{"rendered":"<p><strong><span style=\"color: #000000;\">Encuentro abordar\u00e1 propuestas sobre reactivaci\u00f3n econ\u00f3mica y empleo<\/span><\/strong><\/p>\n<p><span style=\"color: #000000;\"><strong>Lima, 19 de Marzo 2021, (ANDINA).-<\/strong> La Confederaci\u00f3n General de Trabajadores del Per\u00fa (CGTP) anunci\u00f3 la realizaci\u00f3n de un debate entre los candidatos presidenciales para conocer sus propuestas sobre aspectos vinculados a los derechos laborales y la econom\u00eda de la clase trabajadora peruana.<\/span><\/p>\n<p><span style=\"color: #000000;\">El encuentro se realizar\u00e1 el 25 de marzo desde las 9.00 horas, mediante las plataformas de Facebook Live y Zoom.<\/span><\/p>\n<p><span style=\"color: #000000;\">Los temas a abordar ser\u00e1n los de la reactivaci\u00f3n econ\u00f3mica frente a las consecuencias de la pandemia del covid-19, generaci\u00f3n de empleo y mejoras en las remuneraciones.<\/span><\/p>\n<p><span style=\"color: #000000;\">Seg\u00fan los promotores, es necesario que quienes pretenden asumir la Presidencia del pa\u00eds precisen c\u00f3mo es que van a poner en funcionamiento el aparato productivo nacional y recuperar los puestos de empleo que la pandemia ha eliminado.<\/span><\/p>\n<p><span style=\"color: #000000;\">La CGTP se\u00f1al\u00f3 que ha invitado a los aspirantes a la Presidencia de la Rep\u00fablica que est\u00e1n \u201cmejor posicionados\u201d en las encuestas de opini\u00f3n.<\/span><\/p>\n<p><span style=\"color: #000000;\">Dirigentes sindicales oficiar\u00e1n como moderadores, se inform\u00f3.<\/span><\/p>\n","protected":false},"excerpt":{"rendered":"<p>Encuentro abordar\u00e1 propuestas sobre reactivaci\u00f3n econ\u00f3mica y empleo Lima, 19 de Marzo 2021, (ANDINA).- La Confederaci\u00f3n General de Trabajadores del Per\u00fa (CGTP) anunci\u00f3 la realizaci\u00f3n de un debate entre los candidatos presidenciales para conocer sus propuestas sobre aspectos vinculados a los derechos laborales y la econom\u00eda de la clase trabajadora peruana. El encuentro se realizar\u00e1 [&hellip;]<\/p>\n","protected":false},"author":1,"featured_media":94576,"comment_status":"closed","ping_status":"closed","sticky":false,"template":"","format":"standard","meta":{"rop_custom_images_group":[],"rop_custom_messages_group":[],"rop_publish_now":"initial","rop_publish_now_accounts":[],"rop_publish_now_history":[],"rop_publish_now_status":"pending","footnotes":""},"categories":[5],"tags":[1038],"class_list":["post-94575","post","type-post","status-publish","format-standard","has-post-thumbnail","hentry","category-actualidad-informativa","tag-cgtp"],"_links":{"self":[{"href":"https:\/\/elinformanteperu.com\/index.php\/wp-json\/wp\/v2\/posts\/94575","targetHints":{"allow":["GET"]}}],"collection":[{"href":"https:\/\/elinformanteperu.com\/index.php\/wp-json\/wp\/v2\/posts"}],"about":[{"href":"https:\/\/elinformanteperu.com\/index.php\/wp-json\/wp\/v2\/types\/post"}],"author":[{"embeddable":true,"href":"https:\/\/elinformanteperu.com\/index.php\/wp-json\/wp\/v2\/users\/1"}],"replies":[{"embeddable":true,"href":"https:\/\/elinformanteperu.com\/index.php\/wp-json\/wp\/v2\/comments?post=94575"}],"version-history":[{"count":1,"href":"https:\/\/elinformanteperu.com\/index.php\/wp-json\/wp\/v2\/posts\/94575\/revisions"}],"predecessor-version":[{"id":94577,"href":"https:\/\/elinformanteperu.com\/index.php\/wp-json\/wp\/v2\/posts\/94575\/revisions\/94577"}],"wp:featuredmedia":[{"embeddable":true,"href":"https:\/\/elinformanteperu.com\/index.php\/wp-json\/wp\/v2\/media\/94576"}],"wp:attachment":[{"href":"https:\/\/elinformanteperu.com\/index.php\/wp-json\/wp\/v2\/media?parent=94575"}],"wp:term":[{"taxonomy":"category","embeddable":true,"href":"https:\/\/elinformanteperu.com\/index.php\/wp-json\/wp\/v2\/categories?post=94575"},{"taxonomy":"post_tag","embeddable":true,"href":"https:\/\/elinformanteperu.com\/index.php\/wp-json\/wp\/v2\/tags?post=94575"}],"curies":[{"name":"wp","href":"https:\/\/api.w.org\/{rel}","templated":true}]}}