{"id":94571,"date":"2021-03-20T01:01:09","date_gmt":"2021-03-20T06:01:09","guid":{"rendered":"https:\/\/elinformanteperu.com\/?p=94571"},"modified":"2021-03-20T01:01:09","modified_gmt":"2021-03-20T06:01:09","slug":"elecciones-2021-ejecutivo-debe-reunirse-con-candidatos-para-tratar-pandemia-dice-acuna","status":"publish","type":"post","link":"https:\/\/elinformanteperu.com\/index.php\/2021\/03\/20\/elecciones-2021-ejecutivo-debe-reunirse-con-candidatos-para-tratar-pandemia-dice-acuna\/","title":{"rendered":"Elecciones 2021: Ejecutivo debe reunirse con candidatos para tratar pandemia, dice Acu\u00f1a"},"content":{"rendered":"<p><span style=\"color: #000000;\"><strong>Lima, 19 de Marzo 2021, (ANDINA).-<\/strong> Durante sus actividades de campa\u00f1a en el Callao, el candidato presidencial de Alianza Para el Progreso, C\u00e9sar Acu\u00f1a, mencion\u00f3 que el presidente Francisco Sagasti deber\u00eda reunirse con los 18 candidatos a la presidencia para dar a conocer su estrategia sanitaria.<\/span><\/p>\n<p><span style=\"color: #000000;\">\u201cEl presidente de la Rep\u00fablica deber\u00eda llamar a los 18 candidatos para que nos diga qu\u00e9 est\u00e1 haciendo por la tercera ola y lo que est\u00e1 planificando\u201d, indic\u00f3.<\/span><\/p>\n<p><span style=\"color: #000000;\">En ese sentido, a\u00f1adi\u00f3 que en esta eventual reuni\u00f3n tambi\u00e9n se deber\u00edan tocar las medidas que se est\u00e1n planteando para reactivar la econom\u00eda del pa\u00eds.<\/span><\/p>\n<p><span style=\"color: #000000;\">\u201c(El presidente) nos deber\u00eda contar sus medidas para reactivar la econom\u00eda nacional. Cualquiera de los 18 candidatos va a ser presidente. Los candidatos tenemos que saber qu\u00e9 est\u00e1 haciendo este gobierno, porque no podemos parar\u201d, asegur\u00f3.<\/span><\/p>\n<p><span style=\"color: #000000;\">Adem\u00e1s, el candidato de APP sostuvo que esta reuni\u00f3n permitir\u00eda ajustar los planes de gobierno para asegurar un cambio de mando m\u00e1s adecuado.<\/span><\/p>\n<p><span style=\"color: #000000;\">\u201cEsta convocatoria (\u2026) permitir\u00e1 ajustar los planes de gobierno de quien salga elegido el 11 de abril o en segunda vuelta, para asegurar una continuidad a las medidas que se consideren est\u00e1n dando buenos resultados. El pa\u00eds no puede detenerse ni un minuto\u201d, finaliz\u00f3.<\/span><\/p>\n","protected":false},"excerpt":{"rendered":"<p>Lima, 19 de Marzo 2021, (ANDINA).- Durante sus actividades de campa\u00f1a en el Callao, el candidato presidencial de Alianza Para el Progreso, C\u00e9sar Acu\u00f1a, mencion\u00f3 que el presidente Francisco Sagasti deber\u00eda reunirse con los 18 candidatos a la presidencia para dar a conocer su estrategia sanitaria. \u201cEl presidente de la Rep\u00fablica deber\u00eda llamar a los [&hellip;]<\/p>\n","protected":false},"author":1,"featured_media":94572,"comment_status":"closed","ping_status":"closed","sticky":false,"template":"","format":"standard","meta":{"rop_custom_images_group":[],"rop_custom_messages_group":[],"rop_publish_now":"initial","rop_publish_now_accounts":[],"rop_publish_now_history":[],"rop_publish_now_status":"pending","footnotes":""},"categories":[5],"tags":[275,276,632],"class_list":["post-94571","post","type-post","status-publish","format-standard","has-post-thumbnail","hentry","category-actualidad-informativa","tag-alianza-para-el-progreso","tag-app","tag-cesar-acuna"],"_links":{"self":[{"href":"https:\/\/elinformanteperu.com\/index.php\/wp-json\/wp\/v2\/posts\/94571","targetHints":{"allow":["GET"]}}],"collection":[{"href":"https:\/\/elinformanteperu.com\/index.php\/wp-json\/wp\/v2\/posts"}],"about":[{"href":"https:\/\/elinformanteperu.com\/index.php\/wp-json\/wp\/v2\/types\/post"}],"author":[{"embeddable":true,"href":"https:\/\/elinformanteperu.com\/index.php\/wp-json\/wp\/v2\/users\/1"}],"replies":[{"embeddable":true,"href":"https:\/\/elinformanteperu.com\/index.php\/wp-json\/wp\/v2\/comments?post=94571"}],"version-history":[{"count":1,"href":"https:\/\/elinformanteperu.com\/index.php\/wp-json\/wp\/v2\/posts\/94571\/revisions"}],"predecessor-version":[{"id":94573,"href":"https:\/\/elinformanteperu.com\/index.php\/wp-json\/wp\/v2\/posts\/94571\/revisions\/94573"}],"wp:featuredmedia":[{"embeddable":true,"href":"https:\/\/elinformanteperu.com\/index.php\/wp-json\/wp\/v2\/media\/94572"}],"wp:attachment":[{"href":"https:\/\/elinformanteperu.com\/index.php\/wp-json\/wp\/v2\/media?parent=94571"}],"wp:term":[{"taxonomy":"category","embeddable":true,"href":"https:\/\/elinformanteperu.com\/index.php\/wp-json\/wp\/v2\/categories?post=94571"},{"taxonomy":"post_tag","embeddable":true,"href":"https:\/\/elinformanteperu.com\/index.php\/wp-json\/wp\/v2\/tags?post=94571"}],"curies":[{"name":"wp","href":"https:\/\/api.w.org\/{rel}","templated":true}]}}