{"id":94567,"date":"2021-03-20T00:58:36","date_gmt":"2021-03-20T05:58:36","guid":{"rendered":"https:\/\/elinformanteperu.com\/?p=94567"},"modified":"2021-03-20T01:02:21","modified_gmt":"2021-03-20T06:02:21","slug":"luis-bambaren-los-hechos-que-marcaron-la-vida-del-obispo-de-los-pueblos-jovenes","status":"publish","type":"post","link":"https:\/\/elinformanteperu.com\/index.php\/2021\/03\/20\/luis-bambaren-los-hechos-que-marcaron-la-vida-del-obispo-de-los-pueblos-jovenes\/","title":{"rendered":"Luis Bambar\u00e9n: momentos que marcaron la vida del obispo de los pueblos j\u00f3venes"},"content":{"rendered":"<p><span style=\"color: #000000;\"><strong>Lima, 19 de Marzo 2021, (ANDINA).-<\/strong> El monse\u00f1or Luis Bambar\u00e9n Gastelumendi, obispo em\u00e9rito de Chimbote y expresidente de la Conferencia Episcopal Peruana (CEP) falleci\u00f3 a los 93 a\u00f1os edad. Conozca aqu\u00ed los hechos m\u00e1s importantes que marcaron su vida y trayectoria vinculada a la Iglesia y el apoyo a lo m\u00e1s necesitados.<\/span><\/p>\n<p><span style=\"color: #000000;\">Monse\u00f1or Luis Armando Bambar\u00e9n Gastelumendi SJ naci\u00f3 el 14 de enero de 1928 en la ciudad ancashina de Yungay, Per\u00fa. Hijo de Alfredo Bambar\u00e9n Figueroa y Luisa Gastelumendi. Creci\u00f3 en una familia cat\u00f3lica, fue quinto de ocho hermanos, con dos hermanas religiosas. Realiz\u00f3 sus estudios primarios en su ciudad natal, y los secundarios en el Colegio de la Inmaculada en Lima.<\/span><\/p>\n<p><span style=\"color: #000000;\">Inici\u00f3 su vida religiosa en el noviciado jesuita el 20 de abril de 1944, siguiendo estudios de letras hasta partir a Espa\u00f1a en 199 para estudiar filosof\u00eda. Luego ejerce el magisterio en Lima desde 1952 hasta 1955, prosiguiendo estudios en la Facultad de Teolog\u00eda de de Granada en Espa\u00f1a.<\/span><\/p>\n<p><span style=\"color: #000000;\">Fue ordenado sacerdote de la Iglesia Cat\u00f3lica en la ciudad de Madrid el 15 de julio de 1958, y su primera misa coincidi\u00f3 con la fiesta de la Virgen del Carmen, el 16 de julio del mismo a\u00f1o. A su regreso al Per\u00fa ejerci\u00f3 su docencia, siendo subdirector del Colegio de la Inmaculada de Lima entre los a\u00f1os 1961 hasta 1964.<\/span><\/p>\n<p><img fetchpriority=\"high\" decoding=\"async\" class=\"aligncenter size-full wp-image-94569\" src=\"https:\/\/elinformanteperu.com\/wp-content\/uploads\/2021\/03\/luis-bambaren5.jpg\" alt=\"\" width=\"500\" height=\"333\" srcset=\"https:\/\/elinformanteperu.com\/wp-content\/uploads\/2021\/03\/luis-bambaren5.jpg 500w, https:\/\/elinformanteperu.com\/wp-content\/uploads\/2021\/03\/luis-bambaren5-300x200.jpg 300w\" sizes=\"(max-width: 500px) 100vw, 500px\" \/><\/p>\n<p><span style=\"color: #000000;\">El 1 de enero de 1968, recibe la consagraci\u00f3n episcopal como obispo titular de Sertei y obispo auxiliar de Lima de manos del entonces cardenal Juan Land\u00e1zuri Ricketts en la parroquia San Mart\u00edn de Porres. Desde entonces, monse\u00f1or Bambar\u00e9n se entrega de forma inmediata a la defensa de la gente de escasos recursos y a la zona donde viven las denomin\u00f3 pueblo joven.<\/span><\/p>\n<p><span style=\"color: #000000;\">El obispo de los pueblos j\u00f3venes fue secretario de la Conferencia Episcopal Peruana y tambi\u00e9n presidente de la Comisi\u00f3n de Comunicaci\u00f3n Social del Episcopado (Conamcos). En febrero de 1998 fue elegido presidente de la CEP, reemplazando a monse\u00f1or Augusto Vargas Alzamora, y reelecto para el mismo cargo el a\u00f1o 2000.<\/span><\/p>\n<p><span style=\"color: #000000;\">Finalmente, el 4 de febrero de 2004, su Santidad Juan Pablo II acept\u00f3 la renuncia presentada por monse\u00f1or Bambar\u00e9n a su cargo como obispo de la Di\u00f3cesis de Chimbote.<\/span><\/p>\n<p><span style=\"color: #000000;\">Adem\u00e1s de su labor pastoral, monse\u00f1or Luis Bambar\u00e9n suscribi\u00f3, en representaci\u00f3n de la Iglesia en el Per\u00fa, el denominado Acuerdo Nacional la noche del 23 de julio de 2002, junto con los l\u00edderes de las agrupaciones pol\u00edticas y representantes de la sociedad civil, durante el gobierno de Alejandro Toledo.<\/span><\/p>\n<p><span style=\"color: #000000;\">Asimismo, asumi\u00f3 la presidencia del I Taller Nacional de Evaluaci\u00f3n y Retroalimentaci\u00f3n del Equipo T\u00e9cnico del Comit\u00e9 de Transparencia y Vigilancia Ciudadana del Ministerio de Desarrollo e Inclusi\u00f3n Social (Midis), el 22 de noviembre de 2012, un organismo con participaci\u00f3n de la sociedad civil que tuvo como objetivo supervisar los avances y el logro de los objetivos de dichos programas.<\/span><\/p>\n","protected":false},"excerpt":{"rendered":"<p>Lima, 19 de Marzo 2021, (ANDINA).- El monse\u00f1or Luis Bambar\u00e9n Gastelumendi, obispo em\u00e9rito de Chimbote y expresidente de la Conferencia Episcopal Peruana (CEP) falleci\u00f3 a los 93 a\u00f1os edad. Conozca aqu\u00ed los hechos m\u00e1s importantes que marcaron su vida y trayectoria vinculada a la Iglesia y el apoyo a lo m\u00e1s necesitados. Monse\u00f1or Luis Armando [&hellip;]<\/p>\n","protected":false},"author":1,"featured_media":94568,"comment_status":"closed","ping_status":"closed","sticky":false,"template":"","format":"standard","meta":{"rop_custom_images_group":[],"rop_custom_messages_group":[],"rop_publish_now":"initial","rop_publish_now_accounts":[],"rop_publish_now_history":[],"rop_publish_now_status":"pending","footnotes":""},"categories":[5,13],"tags":[2025,6435],"class_list":["post-94567","post","type-post","status-publish","format-standard","has-post-thumbnail","hentry","category-actualidad-informativa","category-hemeroteca-virtual","tag-conferencia-episcopal-peruana","tag-luis-bambaren"],"_links":{"self":[{"href":"https:\/\/elinformanteperu.com\/index.php\/wp-json\/wp\/v2\/posts\/94567","targetHints":{"allow":["GET"]}}],"collection":[{"href":"https:\/\/elinformanteperu.com\/index.php\/wp-json\/wp\/v2\/posts"}],"about":[{"href":"https:\/\/elinformanteperu.com\/index.php\/wp-json\/wp\/v2\/types\/post"}],"author":[{"embeddable":true,"href":"https:\/\/elinformanteperu.com\/index.php\/wp-json\/wp\/v2\/users\/1"}],"replies":[{"embeddable":true,"href":"https:\/\/elinformanteperu.com\/index.php\/wp-json\/wp\/v2\/comments?post=94567"}],"version-history":[{"count":2,"href":"https:\/\/elinformanteperu.com\/index.php\/wp-json\/wp\/v2\/posts\/94567\/revisions"}],"predecessor-version":[{"id":94574,"href":"https:\/\/elinformanteperu.com\/index.php\/wp-json\/wp\/v2\/posts\/94567\/revisions\/94574"}],"wp:featuredmedia":[{"embeddable":true,"href":"https:\/\/elinformanteperu.com\/index.php\/wp-json\/wp\/v2\/media\/94568"}],"wp:attachment":[{"href":"https:\/\/elinformanteperu.com\/index.php\/wp-json\/wp\/v2\/media?parent=94567"}],"wp:term":[{"taxonomy":"category","embeddable":true,"href":"https:\/\/elinformanteperu.com\/index.php\/wp-json\/wp\/v2\/categories?post=94567"},{"taxonomy":"post_tag","embeddable":true,"href":"https:\/\/elinformanteperu.com\/index.php\/wp-json\/wp\/v2\/tags?post=94567"}],"curies":[{"name":"wp","href":"https:\/\/api.w.org\/{rel}","templated":true}]}}