{"id":94452,"date":"2021-03-18T22:58:54","date_gmt":"2021-03-19T03:58:54","guid":{"rendered":"https:\/\/elinformanteperu.com\/?p=94452"},"modified":"2021-03-18T22:58:54","modified_gmt":"2021-03-19T03:58:54","slug":"liga-1-fallo-a-favor-de-alianza-lima-genera-cisma-en-la-primera-division","status":"publish","type":"post","link":"https:\/\/elinformanteperu.com\/index.php\/2021\/03\/18\/liga-1-fallo-a-favor-de-alianza-lima-genera-cisma-en-la-primera-division\/","title":{"rendered":"Liga 1: fallo a favor de Alianza Lima genera cisma en la primera divisi\u00f3n"},"content":{"rendered":"<p><strong><span style=\"color: #000000;\">Alianza pide jugar el torneo, Stein se niega a descender, el Grau exige ser devuelto a la m\u00e1xima categor\u00eda<\/span><\/strong><\/p>\n<p><span style=\"color: #000000;\"><strong>Lima, 18 de Marzo 2021, (ANDINA).-<\/strong> La decisi\u00f3n del Tribunal de Arbitraje Deportivo (TAS) de devolver a Alianza Lima a la primera divisi\u00f3n en detrimento de Carlos Stein ha generado un cisma en la Liga1, pues Alianza exige su inmediata reposici\u00f3n en la m\u00e1xima categor\u00eda y Stein se niega rotundamente a bajar a segunda.<\/span><\/p>\n<p><span style=\"color: #000000;\">El TAS dio la raz\u00f3n plenamente a Alianza Lima en su demanda presentada contra la Federaci\u00f3n Peruana de F\u00fatbol (FPF), al considerarse perjudicado por no haberle restado puntos a Stein ante la reiteraci\u00f3n en impagos a jugadores como ya se hab\u00eda hecho con otros equipos en esa misma temporada y por esa misma raz\u00f3n.<\/span><\/p>\n<p><span style=\"color: #000000;\">As\u00ed, el equipo norte\u00f1o se salv\u00f3 del descenso en detrimento del conjunto lime\u00f1o al tener mejor diferencia de goles, pues ambos terminaron igualados a 26 puntos.<\/span><\/p>\n<p><span style=\"color: #000000;\">En su resoluci\u00f3n publicada este mi\u00e9rcoles, la corte arbitral con sede en Suiza rest\u00f3 dos puntos a Stein en la clasificaci\u00f3n de la pasada temporada, lo que autom\u00e1ticamente anula la p\u00e9rdida de categor\u00eda de Alianza Lima al quedar entonces por encima del cuadro carlista, que queda descendido en este nuevo escenario.<\/span><\/p>\n<p><span style=\"color: #000000;\">\u00abEl TAS vuelve a fallar en contra de las malas y turbias decisiones de la FPF\u00bb, advirti\u00f3 en redes sociales el exfutbolista Claudio Pizarro, leyenda de Alianza Lima.<\/span><\/p>\n<p><strong><span style=\"color: #000000;\">Torneo ya en marcha<\/span><\/strong><\/p>\n<p><span style=\"color: #000000;\">La decisi\u00f3n lleg\u00f3 con la nueva temporada de la primera divisi\u00f3n ya iniciada, pues el pasado fin de semana se disput\u00f3 la jornada inaugural sin Alianza Lima y con Carlos Stein, que igual\u00f3 sin goles ante Alianza Atl\u00e9tico de Sullana.<\/span><\/p>\n<p><span style=\"color: #000000;\">Tras conocer la decisi\u00f3n del TAS, Alianza Lima consider\u00f3 que debe disputar la actual temporada de la Liga1 y exigi\u00f3 la \u00abinmediata\u00bb ejecuci\u00f3n del fallo arbitral.<\/span><\/p>\n<p><span style=\"color: #000000;\">Por su parte, la FPF anunci\u00f3 en un comunicado que respetar\u00e1 el fallo del TAS y lo ejecutar\u00e1 inmediatamente, pero los detalles de c\u00f3mo lo har\u00e1 ser\u00e1n informados \u00fanicamente a las partes involucradas.<\/span><\/p>\n<p><strong><span style=\"color: #000000;\">Stein se niega a descender<\/span><\/strong><\/p>\n<p><span style=\"color: #000000;\">Esto provoc\u00f3 la airada protesta de Carlos Stein, que se neg\u00f3 tajantemente a jugar en la segunda divisi\u00f3n cuando ya ha disputado un partido de la actual temporada de la m\u00e1xima categor\u00eda del f\u00fatbol peruano.<\/span><\/p>\n<p><span style=\"color: #000000;\">El club carlista argument\u00f3 que la temporada del 2020 ya est\u00e1 cerrada y no hubo ninguna medida cautelar que dejase la clasificaci\u00f3n abierta a futuras decisiones como la adoptada ahora por el TAS.<\/span><\/p>\n<p><span style=\"color: #000000;\">\u00abAl no haberse solicitado la suspensi\u00f3n del campeonato del 2020, la resoluci\u00f3n emitida por el TAS no puede materialmente ejecutarse considerando que nos encontramos en una temporada deportiva totalmente diferente\u00bb, asever\u00f3 en un comunicado Carlos Stein.<\/span><\/p>\n<p><span style=\"color: #000000;\">El equipo afectado enfatiz\u00f3 en que su participaci\u00f3n en la actual temporada de la primera divisi\u00f3n \u00abno puede ser retrotra\u00edda y mucho menos desconocida, m\u00e1xima si la resoluci\u00f3n del TAS no ordena que el club reclamante sean &#8216;restituido&#8217; en la Liga1\u00bb.<\/span><\/p>\n<p><strong><span style=\"color: #000000;\">Alianza Atl\u00e9tico en sus trece<\/span><\/strong><\/p>\n<p><span style=\"color: #000000;\">Por su parte, Alianza Atl\u00e9tico anticip\u00f3 que se negar\u00e1 a volver a jugar el partido de la primera jornada del campeonato peruano que ya disput\u00f3 con Carlos Stein.<\/span><\/p>\n<p><span style=\"color: #000000;\">\u00abMe declaro en rebeld\u00eda y no jugar\u00eda ese partido. Una persona pensante no har\u00eda eso. Ser\u00eda absurdo\u00bb, declar\u00f3 al diario El Comercio el presidente de Alianza Atl\u00e9tico, Lander Alem\u00e1n.<\/span><\/p>\n<p><span style=\"color: #000000;\">\u00abYo me he inscrito a un campeonato bajo otras condiciones y bajo una programaci\u00f3n. La FPF no puede cambiar eso de forma abrupta\u00bb, a\u00f1adi\u00f3.<\/span><\/p>\n<p><strong><span style=\"color: #000000;\">Atl\u00e9tico Grau al acecho<\/span><\/strong><\/p>\n<p><span style=\"color: #000000;\">A todo este embrollo tambi\u00e9n se sum\u00f3 el Atl\u00e9tico Grau de Piura, otro equipo descendido que protestar\u00e1 si Carlos Stein contin\u00faa en la categor\u00eda de oro de Per\u00fa.<\/span><\/p>\n<p><span style=\"color: #000000;\">Grau considera que, tras el fallo del TAS, es el equipo que debe salvarse del descenso y no Alianza Lima, pues la p\u00e9rdida de puntos decretada por el tribunal internacional a Stein conllevar\u00eda su descenso autom\u00e1tico con todos sus partidos perdidos por 3-0.<\/span><\/p>\n<p><span style=\"color: #000000;\">El equipo piurano argumenta que ese es el castigo contemplado en el reglamento para el equipo que es sancionado dos veces en la misma temporada con p\u00e9rdida de puntos por incumplimiento de sus compromisos de pago, como ha sucedido tras la resoluci\u00f3n del TAS.<\/span><\/p>\n<p><span style=\"color: #000000;\">Bajo ese escenario, Grau quedar\u00eda por encima de Alianza y Stein, pero en el conjunto atl\u00e9tico no quieren crearse \u00abfalsas expectativas\u00bb, seg\u00fan dijo al diario L\u00edbero su presidente, Arturo R\u00edos.<\/span><\/p>\n<p><span style=\"color: #000000;\">\u00abNo podemos adelantarnos, ni crear falsas expectativas. Vamos a esperar los efectos jur\u00eddicos de la resoluci\u00f3n. Aguardaremos a lo que diga la FPF. De repente en la tormenta algo de agua nos cae o quiz\u00e1 nos caiga un rayo. Hay que ser cautos y esperar\u00bb, mantuvo R\u00edos.<\/span><\/p>\n<p><span style=\"color: #000000;\">De momento, la FPF no ha determinado c\u00f3mo se va a jugar la segunda jornada de la liga peruana, donde Carlos Stein debe medirse el s\u00e1bado con el Deportivo Municipal de Lima.<\/span><\/p>\n<p><img fetchpriority=\"high\" decoding=\"async\" class=\"aligncenter size-full wp-image-85671\" src=\"https:\/\/elinformanteperu.com\/wp-content\/uploads\/2020\/11\/alianza-melgar3.jpg\" alt=\"\" width=\"1800\" height=\"1200\" srcset=\"https:\/\/elinformanteperu.com\/wp-content\/uploads\/2020\/11\/alianza-melgar3.jpg 1800w, https:\/\/elinformanteperu.com\/wp-content\/uploads\/2020\/11\/alianza-melgar3-300x200.jpg 300w, https:\/\/elinformanteperu.com\/wp-content\/uploads\/2020\/11\/alianza-melgar3-1024x683.jpg 1024w, https:\/\/elinformanteperu.com\/wp-content\/uploads\/2020\/11\/alianza-melgar3-768x512.jpg 768w, https:\/\/elinformanteperu.com\/wp-content\/uploads\/2020\/11\/alianza-melgar3-1536x1024.jpg 1536w\" sizes=\"(max-width: 1800px) 100vw, 1800px\" \/><\/p>\n","protected":false},"excerpt":{"rendered":"<p>Alianza pide jugar el torneo, Stein se niega a descender, el Grau exige ser devuelto a la m\u00e1xima categor\u00eda Lima, 18 de Marzo 2021, (ANDINA).- La decisi\u00f3n del Tribunal de Arbitraje Deportivo (TAS) de devolver a Alianza Lima a la primera divisi\u00f3n en detrimento de Carlos Stein ha generado un cisma en la Liga1, pues [&hellip;]<\/p>\n","protected":false},"author":1,"featured_media":88315,"comment_status":"closed","ping_status":"closed","sticky":false,"template":"","format":"standard","meta":{"rop_custom_images_group":[],"rop_custom_messages_group":[],"rop_publish_now":"initial","rop_publish_now_accounts":[],"rop_publish_now_history":[],"rop_publish_now_status":"pending","footnotes":""},"categories":[8],"tags":[91,6331,1577],"class_list":["post-94452","post","type-post","status-publish","format-standard","has-post-thumbnail","hentry","category-disciplinas-deportivas","tag-alianza-lima","tag-liga-1-2021","tag-tas"],"_links":{"self":[{"href":"https:\/\/elinformanteperu.com\/index.php\/wp-json\/wp\/v2\/posts\/94452","targetHints":{"allow":["GET"]}}],"collection":[{"href":"https:\/\/elinformanteperu.com\/index.php\/wp-json\/wp\/v2\/posts"}],"about":[{"href":"https:\/\/elinformanteperu.com\/index.php\/wp-json\/wp\/v2\/types\/post"}],"author":[{"embeddable":true,"href":"https:\/\/elinformanteperu.com\/index.php\/wp-json\/wp\/v2\/users\/1"}],"replies":[{"embeddable":true,"href":"https:\/\/elinformanteperu.com\/index.php\/wp-json\/wp\/v2\/comments?post=94452"}],"version-history":[{"count":1,"href":"https:\/\/elinformanteperu.com\/index.php\/wp-json\/wp\/v2\/posts\/94452\/revisions"}],"predecessor-version":[{"id":94453,"href":"https:\/\/elinformanteperu.com\/index.php\/wp-json\/wp\/v2\/posts\/94452\/revisions\/94453"}],"wp:featuredmedia":[{"embeddable":true,"href":"https:\/\/elinformanteperu.com\/index.php\/wp-json\/wp\/v2\/media\/88315"}],"wp:attachment":[{"href":"https:\/\/elinformanteperu.com\/index.php\/wp-json\/wp\/v2\/media?parent=94452"}],"wp:term":[{"taxonomy":"category","embeddable":true,"href":"https:\/\/elinformanteperu.com\/index.php\/wp-json\/wp\/v2\/categories?post=94452"},{"taxonomy":"post_tag","embeddable":true,"href":"https:\/\/elinformanteperu.com\/index.php\/wp-json\/wp\/v2\/tags?post=94452"}],"curies":[{"name":"wp","href":"https:\/\/api.w.org\/{rel}","templated":true}]}}