{"id":94441,"date":"2021-03-18T00:51:27","date_gmt":"2021-03-18T05:51:27","guid":{"rendered":"https:\/\/elinformanteperu.com\/?p=94441"},"modified":"2021-03-18T00:51:27","modified_gmt":"2021-03-18T05:51:27","slug":"no-habra-transporte-aereo-y-terrestre-el-jueves-1-viernes-2-y-sabado-3-de-abril","status":"publish","type":"post","link":"https:\/\/elinformanteperu.com\/index.php\/2021\/03\/18\/no-habra-transporte-aereo-y-terrestre-el-jueves-1-viernes-2-y-sabado-3-de-abril\/","title":{"rendered":"No habr\u00e1 transporte a\u00e9reo y terrestre el jueves 1, viernes 2 y s\u00e1bado 3 de abril"},"content":{"rendered":"<p><strong><span style=\"color: #000000;\">Poder Ejecutivo anuncia medidas extraordinarias por covid-19 para los feriados de Semana Santa<\/span><\/strong><\/p>\n<p><span style=\"color: #000000;\"><strong>Lima, 17 de Marzo 2021, (ANDINA).-<\/strong> El transporte interprovincial de pasajeros por v\u00eda a\u00e9rea y terrestre estar\u00e1 suspendido en todo el territorio nacional los d\u00edas jueves 1, viernes 2 y s\u00e1bado 3 de abril, como parte de las medidas extraordinarias aprobadas por el Gobierno para la pr\u00f3xima Semana Santa.<\/span><\/p>\n<p><span style=\"color: #000000;\">El domingo 4, en cambio, s\u00ed operar\u00e1n estos servicios, explic\u00f3 el ministro de Educaci\u00f3n, Ricardo Cuenca, en la conferencia de prensa que ofrece junto a la presidenta del Consejo de Ministros, Violeta Berm\u00fadez, y el ministro de Salud, Oscar Ugarte.<\/span><\/p>\n<p><strong><span style=\"color: #000000;\">Solo peatones y bicicletas<\/span><\/strong><\/p>\n<p><span style=\"color: #000000;\">Al anunciar las restricciones de movilidad para la Semana Santa, el ministro explic\u00f3 que se trata de un conjunto de medidas extraordinarias con miras a sostener las mejoras logradas por el pa\u00eds en los indicadores epidemiol\u00f3gicos del covid-19.<\/span><\/p>\n<p><span style=\"color: #000000;\">Son medidas extraordinarias que regir\u00e1n a nivel nacional, independientemente del nivel de riesgo frente al covid-19, manifest\u00f3 Cuenca Pareja.<\/span><\/p>\n<p><span style=\"color: #000000;\">Los cuatro d\u00edas centrales de la Semana Santa \u2013jueves 1, viernes 2, s\u00e1bado 3 y domingo 4 de abril\u2013 s\u00f3lo se permitir\u00e1n salidas para compras peatonales y en bicicleta, dijo el ministro. La Presidencia del Consejo de Ministros (PCM) precis\u00f3 que en esas fechas queda prohibido el uso de autom\u00f3viles particulares.<\/span><\/p>\n<p><span style=\"color: #000000;\">Respecto a la circulaci\u00f3n peatonal y en bicicleta, Cuenca agreg\u00f3 que se espera que haya una sola persona por familia que pueda realizar compras y garantizar los servicios esenciales en los d\u00edas de la Semana Santa.<\/span><\/p>\n<p><strong><span style=\"color: #000000;\">Mercados: de 4:00 a 18:00 horas<\/span><\/strong><\/p>\n<p><span style=\"color: #000000;\">\u201cTodas las tiendas de abastecimientos de productos b\u00e1sicos, mercados supermercados, bodegas y farmacias, atender\u00e1n de 4:00 de la ma\u00f1ana a 6:00 de la tarde\u201d, agreg\u00f3.<\/span><\/p>\n<p><span style=\"color: #000000;\">El delivery de farmacias y boticas se mantendr\u00e1 las 24 horas en los d\u00edas de Semana Santa; en tanto que el servicio delivery de restaurantes y establecimientos afines ser\u00e1 de 4:00 de la ma\u00f1ana a 11:00 de la noche.<\/span><\/p>\n<p><span style=\"color: #000000;\">En estos cuatro d\u00edas, la atenci\u00f3n de emergencia en los establecimientos de salud y el trabajo de la prensa se mantendr\u00e1 durante las 24 horas, adelant\u00f3. Lo mismo ocurrir\u00e1 con los servicios de seguridad, tanto p\u00fablica como privada.<\/span><\/p>\n<p><span style=\"color: #000000;\">\u201cLos servicios esenciales de telecomunicaciones, gas, combustible, limpieza y recojo de residuos s\u00f3lidos tambi\u00e9n ser\u00e1n permitidos durante estos cuatros d\u00edas\u201d, acot\u00f3 el ministro.<\/span><\/p>\n<p><strong><span style=\"color: #000000;\">Transporte urbano e interprovincial<\/span><\/strong><\/p>\n<p><span style=\"color: #000000;\">Precis\u00f3 que en los feriados de Semana Santa s\u00f3lo se permitir\u00e1 el transporte p\u00fablico y en taxis autorizados.<\/span><\/p>\n<p><span style=\"color: #000000;\">Hay una suspensi\u00f3n en el transporte de pasajeros nacional por medios terrestres y a\u00e9reos, el jueves 1, viernes 2 y s\u00e1bado 3 de abril, agreg\u00f3 Cuenca.<\/span><\/p>\n<p><span style=\"color: #000000;\">\u201cSolo el domingo estar\u00e1 permitido el transporte interprovincial nacional, tanto a\u00e9reo como terrestre, asumiendo que muchas personas pueden estar regresando de este fin de semana largo\u201d, indic\u00f3.<\/span><\/p>\n<p><span style=\"color: #000000;\">\u201cEste esfuerzo que tenemos que hacer todos, en estos d\u00edas de Semana Santa, tiene un doble objetivo: darnos una ayuda a todos y un sacrificio para consolidar esta curva (epidemiol\u00f3gica) que empieza a descender y, luego, prepararnos para evitar (eventuales) contagios posteriores a un fin de semana largo\u201d, enfatiz\u00f3.<\/span><\/p>\n","protected":false},"excerpt":{"rendered":"<p>Poder Ejecutivo anuncia medidas extraordinarias por covid-19 para los feriados de Semana Santa Lima, 17 de Marzo 2021, (ANDINA).- El transporte interprovincial de pasajeros por v\u00eda a\u00e9rea y terrestre estar\u00e1 suspendido en todo el territorio nacional los d\u00edas jueves 1, viernes 2 y s\u00e1bado 3 de abril, como parte de las medidas extraordinarias aprobadas por [&hellip;]<\/p>\n","protected":false},"author":1,"featured_media":89059,"comment_status":"closed","ping_status":"closed","sticky":false,"template":"","format":"standard","meta":{"rop_custom_images_group":[],"rop_custom_messages_group":[],"rop_publish_now":"initial","rop_publish_now_accounts":[],"rop_publish_now_history":[],"rop_publish_now_status":"pending","footnotes":""},"categories":[5],"tags":[6322,5374],"class_list":["post-94441","post","type-post","status-publish","format-standard","has-post-thumbnail","hentry","category-actualidad-informativa","tag-covid-segunda-ola","tag-peru-estado-de-emergencia"],"_links":{"self":[{"href":"https:\/\/elinformanteperu.com\/index.php\/wp-json\/wp\/v2\/posts\/94441","targetHints":{"allow":["GET"]}}],"collection":[{"href":"https:\/\/elinformanteperu.com\/index.php\/wp-json\/wp\/v2\/posts"}],"about":[{"href":"https:\/\/elinformanteperu.com\/index.php\/wp-json\/wp\/v2\/types\/post"}],"author":[{"embeddable":true,"href":"https:\/\/elinformanteperu.com\/index.php\/wp-json\/wp\/v2\/users\/1"}],"replies":[{"embeddable":true,"href":"https:\/\/elinformanteperu.com\/index.php\/wp-json\/wp\/v2\/comments?post=94441"}],"version-history":[{"count":1,"href":"https:\/\/elinformanteperu.com\/index.php\/wp-json\/wp\/v2\/posts\/94441\/revisions"}],"predecessor-version":[{"id":94442,"href":"https:\/\/elinformanteperu.com\/index.php\/wp-json\/wp\/v2\/posts\/94441\/revisions\/94442"}],"wp:featuredmedia":[{"embeddable":true,"href":"https:\/\/elinformanteperu.com\/index.php\/wp-json\/wp\/v2\/media\/89059"}],"wp:attachment":[{"href":"https:\/\/elinformanteperu.com\/index.php\/wp-json\/wp\/v2\/media?parent=94441"}],"wp:term":[{"taxonomy":"category","embeddable":true,"href":"https:\/\/elinformanteperu.com\/index.php\/wp-json\/wp\/v2\/categories?post=94441"},{"taxonomy":"post_tag","embeddable":true,"href":"https:\/\/elinformanteperu.com\/index.php\/wp-json\/wp\/v2\/tags?post=94441"}],"curies":[{"name":"wp","href":"https:\/\/api.w.org\/{rel}","templated":true}]}}