{"id":94431,"date":"2021-03-18T00:40:28","date_gmt":"2021-03-18T05:40:28","guid":{"rendered":"https:\/\/elinformanteperu.com\/?p=94431"},"modified":"2021-03-18T00:40:28","modified_gmt":"2021-03-18T05:40:28","slug":"elecciones-2021-cesar-acuna-dice-que-no-se-vacuno-en-el-peru-ni-en-el-extranjero","status":"publish","type":"post","link":"https:\/\/elinformanteperu.com\/index.php\/2021\/03\/18\/elecciones-2021-cesar-acuna-dice-que-no-se-vacuno-en-el-peru-ni-en-el-extranjero\/","title":{"rendered":"Elecciones 2021: C\u00e9sar Acu\u00f1a dice que no se vacun\u00f3 en el Per\u00fa ni en el extranjero"},"content":{"rendered":"<p><strong><span style=\"color: #000000;\">Se\u00f1ala que solo lo har\u00e1 una vez que todos los peruanos est\u00e9n inmunizados<\/span><\/strong><\/p>\n<p><span style=\"color: #000000;\"><strong>Lima, 17 de Marzo 2021, (ANDINA).-<\/strong> El candidato de Alianza para el Progreso (APP), C\u00e9sar Acu\u00f1a Peralta, neg\u00f3 haberse vacunado contra el coronavirus covid-19 ni en el Per\u00fa ni en el extranjero, y pidi\u00f3 a los dem\u00e1s candidatos firmar una declaraci\u00f3n jurada se\u00f1alando que tampoco fueron inmunizados.<\/span><\/p>\n<p><span style=\"color: #000000;\">\u201cAqu\u00ed, en presencia de la prensa, firmo esta declaraci\u00f3n jurada que indica que no me he vacunado contra el covid-19, ni gratis ni pagando, ni en el pa\u00eds ni en el extranjero. Tampoco he participado de ning\u00fan ensayo cl\u00ednico que tenga que ver con alguna vacuna o producto definitivo antes de salir al mercado\u201d, se\u00f1al\u00f3.<\/span><\/p>\n<p><span style=\"color: #000000;\">De ese modo, Acu\u00f1a sali\u00f3 al frente de los rumores que indican que algunos candidatos habr\u00edan aprovechado de su posici\u00f3n y se habr\u00edan vacunado en secreto, como lo hizo el expresidente Mart\u00edn Vizcarra, exministras y exfuncionarios.<\/span><\/p>\n<p><span style=\"color: #000000;\">Sostuvo que se necesita recuperar la confianza de la poblaci\u00f3n y aclarar este tema, por lo que inst\u00f3 a los dem\u00e1s candidatos presidenciales a hacer lo mismo por transparencia.<\/span><\/p>\n<p><span style=\"color: #000000;\">El candidato de APP dijo, adem\u00e1s, estar dispuesto a someterse a todas las pruebas necesarias para verificar su declaraci\u00f3n, e indic\u00f3 que solo se vacunar\u00e1 cuando todos los peruanos, en especial los m\u00e1s vulnerables, se encuentren inmunizados.<\/span><\/p>\n<p><span style=\"color: #000000;\">\u201cSi soy elegido presidente voy a traer las vacunas que sean necesarias para salvar las vidas de todos los peruanos y yo ser\u00e9 el \u00faltimo en recibir la dosis\u201d, apunt\u00f3.<\/span><\/p>\n<p><span style=\"color: #000000;\">Expres\u00f3 su solidaridad con los peruanos que sufren por la pandemia y reiter\u00f3 su compromiso de que antes del 31 de diciembre todos estar\u00e1n vacunados, porque la ciudadan\u00eda \u201cnecesita salir a trabajar sin miedo a morir\u201d por el covid-19.<\/span><\/p>\n<p><span style=\"color: #000000;\">El candidato presidencial inst\u00f3 a todos los peruanos a seguir respetando las medidas de prevenci\u00f3n para evitar los contagios, como el distanciamiento social.<\/span><\/p>\n<p><span style=\"color: #000000;\">\u201cContinuar de manera responsable con los protocolos establecidos por las autoridades sanitarias es la \u00fanica forma de proteger a nuestros hijos, familia y a la sociedad\u201d, acot\u00f3 Acu\u00f1a.<\/span><\/p>\n","protected":false},"excerpt":{"rendered":"<p>Se\u00f1ala que solo lo har\u00e1 una vez que todos los peruanos est\u00e9n inmunizados Lima, 17 de Marzo 2021, (ANDINA).- El candidato de Alianza para el Progreso (APP), C\u00e9sar Acu\u00f1a Peralta, neg\u00f3 haberse vacunado contra el coronavirus covid-19 ni en el Per\u00fa ni en el extranjero, y pidi\u00f3 a los dem\u00e1s candidatos firmar una declaraci\u00f3n jurada [&hellip;]<\/p>\n","protected":false},"author":1,"featured_media":94432,"comment_status":"closed","ping_status":"closed","sticky":false,"template":"","format":"standard","meta":{"rop_custom_images_group":[],"rop_custom_messages_group":[],"rop_publish_now":"initial","rop_publish_now_accounts":[],"rop_publish_now_history":[],"rop_publish_now_status":"pending","footnotes":""},"categories":[5],"tags":[275,276,632],"class_list":["post-94431","post","type-post","status-publish","format-standard","has-post-thumbnail","hentry","category-actualidad-informativa","tag-alianza-para-el-progreso","tag-app","tag-cesar-acuna"],"_links":{"self":[{"href":"https:\/\/elinformanteperu.com\/index.php\/wp-json\/wp\/v2\/posts\/94431","targetHints":{"allow":["GET"]}}],"collection":[{"href":"https:\/\/elinformanteperu.com\/index.php\/wp-json\/wp\/v2\/posts"}],"about":[{"href":"https:\/\/elinformanteperu.com\/index.php\/wp-json\/wp\/v2\/types\/post"}],"author":[{"embeddable":true,"href":"https:\/\/elinformanteperu.com\/index.php\/wp-json\/wp\/v2\/users\/1"}],"replies":[{"embeddable":true,"href":"https:\/\/elinformanteperu.com\/index.php\/wp-json\/wp\/v2\/comments?post=94431"}],"version-history":[{"count":1,"href":"https:\/\/elinformanteperu.com\/index.php\/wp-json\/wp\/v2\/posts\/94431\/revisions"}],"predecessor-version":[{"id":94433,"href":"https:\/\/elinformanteperu.com\/index.php\/wp-json\/wp\/v2\/posts\/94431\/revisions\/94433"}],"wp:featuredmedia":[{"embeddable":true,"href":"https:\/\/elinformanteperu.com\/index.php\/wp-json\/wp\/v2\/media\/94432"}],"wp:attachment":[{"href":"https:\/\/elinformanteperu.com\/index.php\/wp-json\/wp\/v2\/media?parent=94431"}],"wp:term":[{"taxonomy":"category","embeddable":true,"href":"https:\/\/elinformanteperu.com\/index.php\/wp-json\/wp\/v2\/categories?post=94431"},{"taxonomy":"post_tag","embeddable":true,"href":"https:\/\/elinformanteperu.com\/index.php\/wp-json\/wp\/v2\/tags?post=94431"}],"curies":[{"name":"wp","href":"https:\/\/api.w.org\/{rel}","templated":true}]}}