{"id":94419,"date":"2021-03-18T00:00:09","date_gmt":"2021-03-18T05:00:09","guid":{"rendered":"https:\/\/elinformanteperu.com\/?p=94419"},"modified":"2021-03-18T00:00:09","modified_gmt":"2021-03-18T05:00:09","slug":"135-periodistas-fallecidos-por-covid-223-ataques-a-la-libertad-de-prensa-precarizacion-y-despidos","status":"publish","type":"post","link":"https:\/\/elinformanteperu.com\/index.php\/2021\/03\/18\/135-periodistas-fallecidos-por-covid-223-ataques-a-la-libertad-de-prensa-precarizacion-y-despidos\/","title":{"rendered":"135 periodistas fallecidos por covid, 223 ataques a la libertad de prensa, precarizaci\u00f3n y despidos"},"content":{"rendered":"<p><span style=\"color: #000000;\"><strong>Lima, 17 de Marzo 2021, (El Informante Per\u00fa).-<\/strong> En un a\u00f1o de emergencia nacional han fallecido 230 periodistas, seg\u00fan el registro de la Asociaci\u00f3n Nacional de Periodistas del Per\u00fa (ANP). De estos, 135 murieron por covid, mientras que 95 por otras complicaciones de salud que fueron desatendidas por la saturaci\u00f3n del sistema de salud.<\/span><\/p>\n<p><span style=\"color: #000000;\">De los fallecidos por covid, 61 se contagiaron en actividad period\u00edstica y 74 de manera comunitaria. 131 son hombres y 4 mujeres.<\/span><\/p>\n<p><span style=\"color: #000000;\">La provincia con m\u00e1s decesos registrados es Lima, con 27; le siguen Maynas (Iquitos) con 10 y Tumbes con 7. Asimismo, seg\u00fan la misma data, en la provincia del Santa fallecieron 6 periodistas; mientras que en Arequipa, Chincha, Cusco y Huaura 5.<\/span><\/p>\n<p><span style=\"color: #000000;\">El mes con el mayor n\u00famero de decesos fue julio del 2020, cuando fallecieron 25 hombres y mujeres de prensa; seguido por agosto 2020 con 21 decesos. Mayo 2020 y febrero 2021 registran 18 fallecimientos cada uno.<\/span><\/p>\n<p><span style=\"color: #000000;\">Asimismo, los meses con la menor tasa de mortandad fueron noviembre, con 0 muertes; octubre y diciembre, con 1; y setiembre con dos decesos registrados.<\/span><\/p>\n<p><span style=\"color: #000000;\">Estas cifras ratifican al Per\u00fa como el pa\u00eds con el mayor \u00edndice de mortandad en el sector period\u00edstico del mundo, seg\u00fan refiere la Federaci\u00f3n Internacional de Periodistas.<\/span><\/p>\n<p><span style=\"color: #000000;\">En ese sentido, la ANP ha expresado reiteradamente su preocupaci\u00f3n y en\u00e9rgica protesta, puesto que desde que comenz\u00f3 la emergencia sanitaria se ha denominado al sector period\u00edstico como esencial, pero los hombres y mujeres de prensa no han sido tratados como tales.<\/span><\/p>\n<p><span style=\"color: #000000;\">De igual forma, esto refleja la necesidad de atender el pedido hecho por la ANP al Ejecutivo de considerar al sector period\u00edstico en la fase 2 del Plan Nacional de Vacunaci\u00f3n. La cifra de periodistas fallecidos equipara a aquellos sectores que, en primera fila, atienden directamente la contenci\u00f3n del virus.<\/span><\/p>\n<p><span style=\"color: #000000;\">A la p\u00e9rdida de periodistas hay que sumar adem\u00e1s, 31 decesos de otros trabajadores de los medios (locutores, operadores de radio, trabajadores de imprenta), lo que dar\u00eda un total de 261 personas del entorno de los medios que han perdido la vida.<\/span><\/p>\n<p><strong><span style=\"color: #000000;\">Pandemia laboral: El desempleo y la met\u00e1stasis de la precarizaci\u00f3n<\/span><\/strong><\/p>\n<p><span style=\"color: #000000;\">El primer impacto del decreto de Emergencia Nacional fue sentido por los medios regionales que redujeron p\u00e1ginas o tirajes, recortaron personal, renegociaron los salarios, redujeron sus programaciones o -en los casos m\u00e1s dram\u00e1ticos- cerraron definitivamente.<\/span><\/p>\n<p><span style=\"color: #000000;\">En regiones, seg\u00fan data de la ANP, al menos el 70% de periodistas ejercen actividad de manera aut\u00f3noma, concesionando espacios en radio, televisi\u00f3n o a trav\u00e9s de plataformas digitales. Dicha precarizaci\u00f3n expuso a reporteros y reporteras, quienes realizaban despachos desde potenciales focos de contagio con Equipos de Protecci\u00f3n Personal (EPPs) r\u00fasticos o caseros, con un m\u00ednimo de bioseguridad.<\/span><\/p>\n<p><span style=\"color: #000000;\">Un caso relevante fue lo sucedido con la joven periodista Chris Villalobos, quien contrajo COVID-19 y contagi\u00f3 a su familia durante sus labores reporteriles para el medio digital Prensa Chalaca del Callao. Adem\u00e1s de perder el empleo, tras contagiarse, el medio la responsabiliz\u00f3 del mismo tild\u00e1ndola de irresponsable.<\/span><\/p>\n<p><span style=\"color: #000000;\">Los medios regionales, en su gran mayor\u00eda, no pudieron acceder a los programas de reactivaci\u00f3n econ\u00f3mica impulsados por el Ejecutivo. Decenas de diarios, radios y televisoras locales intentaron beneficiarse, pero no lo lograron por las altas exigencias que dispuso el gobierno.<\/span><\/p>\n<p><span style=\"color: #000000;\">Los medios de cobertura nacional recortaron las corresponsal\u00edas en regiones.<\/span><\/p>\n<p><span style=\"color: #000000;\">El Grupo La Rep\u00fablica despidi\u00f3 a medio centenar de periodistas en dos d\u00edas, incluyendo personas que llevaban m\u00e1s de 10 a\u00f1os de trayectoria en el medio. Esta medida lleg\u00f3 luego de renegociar la reducci\u00f3n salarial de su personal.<\/span><\/p>\n<p><span style=\"color: #000000;\">El Grupo El Comercio, inicialmente, decret\u00f3 una reducci\u00f3n del 30% de los salarios de su personal. Sin embargo, semanas despu\u00e9s cancel\u00f3 a un centenar de periodistas, adem\u00e1s de alrededor de 200 trabajadores y trabajadoras de otras \u00e1reas del grupo. La antesala de la tragedia fue el cierre de Publimetro y la edici\u00f3n impresa de Boc\u00f3n, dejando sin sustento a quienes ah\u00ed laboraban.<\/span><\/p>\n<p><span style=\"color: #000000;\">Panamericana Televisi\u00f3n aplic\u00f3 suspensi\u00f3n perfecta de labores a casi un centenar de trabajadores. Dicha medida ha venido renov\u00e1ndose hasta la fecha con quienes no aceptan la invitaci\u00f3n a renunciar que se les ha propuesto.<\/span><\/p>\n<p><span style=\"color: #000000;\">El Grupo RPP cancel\u00f3 en julio del 2020 Radio Capital, luego de 12 a\u00f1os de actividad.<\/span><\/p>\n<p><strong><span style=\"color: #000000;\">El periodismo no descansa, sus agresores tampoco<\/span><\/strong><\/p>\n<p><span style=\"color: #000000;\">En un a\u00f1o de emergencia han sido registrados un total de 223 ataques a la libertad de prensa (periodistas y medios de comunicaci\u00f3n) en el territorio nacional. En este periodo la provincia con m\u00e1s ataques ha sido Lima (79), seguida por Tumbes (8), Ca\u00f1ete e Ica (7 cada una).<\/span><\/p>\n<p><span style=\"color: #000000;\">El tipo de ataque m\u00e1s frecuente ha sido la agresi\u00f3n f\u00edsica y verbal, con 76 hechos registrados; seguido por amenazas y hostigamientos (54), y las trabas de acceso a la informaci\u00f3n (25).<\/span><\/p>\n<p><span style=\"color: #000000;\">Siguen las intimidaciones judiciales (22), los ciberataques (15) y discursos estigmatizantes (14). Tambi\u00e9n han sido registradas 7 afectaciones laborales, as\u00ed como detenciones y robos, con 5 incidencias cada una.<\/span><\/p>\n<p><span style=\"color: #000000;\">Los agentes de seguridad han sido los principales agresores protagonizando un total de 79 ataques, seguidos por los civiles (57) y funcionarios (53). Tambi\u00e9n los elementos no identificados propiciaron 26 ataques, mientras los empleadores 8.<\/span><\/p>\n<p><span style=\"color: #000000;\">Los medios digitales son los que han recibido m\u00e1s ataques durante el a\u00f1o de emergencia (103 en total). Le sigue la prensa radial, televisiva y escrita con 50, 49 y 21 ataques a cada una respectivamente.<\/span><\/p>\n<p><span style=\"color: #000000;\">El ataque a mujeres periodistas alcanz\u00f3 la cifra de 41 casos. Asimismo, fueron registrados 134 ataques a periodistas hombres y 48 a medios de comunicaci\u00f3n.<\/span><\/p>\n<p><span style=\"color: #000000;\">La ANP ha rechazado, reiteradamente, que se haya utilizado el Estado de Emergencia Nacional o las medidas sanitarias como excusas para restringir el trabajo de la prensa y encubrir abusos o falta de transparencia.<\/span><\/p>\n<p><span style=\"color: #000000;\">El incremento de ataques a medios digitales refleja que los medios han sobrevivido en la virtualidad y sus agresores han redirigido sus ataques a estos espacios con la finalidad de intimidar o acallar a periodistas.<\/span><\/p>\n<p><span style=\"color: #000000;\">A esto tambi\u00e9n se suma el intento del Ejecutivo de establecer su versi\u00f3n oficial como la \u00fanica cuando medios independientes destaparon hechos distintos a los que presentaba como lo hicieron en su momento IDL Reporteros, Convoca.pe y Hildebrandt en sus Trece.<\/span><\/p>\n<p><span style=\"color: #000000;\">Asimismo, la semana de protestas por la democracia signific\u00f3 m\u00e1s de 40 ataques a periodistas y medios de comunicaci\u00f3n que se dieron durante la misma. En esos d\u00edas la represi\u00f3n policial signific\u00f3 el mayor peligro.<\/span><\/p>\n","protected":false},"excerpt":{"rendered":"<p>Lima, 17 de Marzo 2021, (El Informante Per\u00fa).- En un a\u00f1o de emergencia nacional han fallecido 230 periodistas, seg\u00fan el registro de la Asociaci\u00f3n Nacional de Periodistas del Per\u00fa (ANP). De estos, 135 murieron por covid, mientras que 95 por otras complicaciones de salud que fueron desatendidas por la saturaci\u00f3n del sistema de salud. De [&hellip;]<\/p>\n","protected":false},"author":1,"featured_media":92919,"comment_status":"closed","ping_status":"closed","sticky":false,"template":"","format":"standard","meta":{"rop_custom_images_group":[],"rop_custom_messages_group":[],"rop_publish_now":"initial","rop_publish_now_accounts":[],"rop_publish_now_history":[],"rop_publish_now_status":"pending","footnotes":""},"categories":[10],"tags":[5681,2428],"class_list":["post-94419","post","type-post","status-publish","format-standard","has-post-thumbnail","hentry","category-actualidad-municipal","tag-asociacion-nacional-de-periodistas","tag-idl-reporteros"],"_links":{"self":[{"href":"https:\/\/elinformanteperu.com\/index.php\/wp-json\/wp\/v2\/posts\/94419","targetHints":{"allow":["GET"]}}],"collection":[{"href":"https:\/\/elinformanteperu.com\/index.php\/wp-json\/wp\/v2\/posts"}],"about":[{"href":"https:\/\/elinformanteperu.com\/index.php\/wp-json\/wp\/v2\/types\/post"}],"author":[{"embeddable":true,"href":"https:\/\/elinformanteperu.com\/index.php\/wp-json\/wp\/v2\/users\/1"}],"replies":[{"embeddable":true,"href":"https:\/\/elinformanteperu.com\/index.php\/wp-json\/wp\/v2\/comments?post=94419"}],"version-history":[{"count":1,"href":"https:\/\/elinformanteperu.com\/index.php\/wp-json\/wp\/v2\/posts\/94419\/revisions"}],"predecessor-version":[{"id":94420,"href":"https:\/\/elinformanteperu.com\/index.php\/wp-json\/wp\/v2\/posts\/94419\/revisions\/94420"}],"wp:featuredmedia":[{"embeddable":true,"href":"https:\/\/elinformanteperu.com\/index.php\/wp-json\/wp\/v2\/media\/92919"}],"wp:attachment":[{"href":"https:\/\/elinformanteperu.com\/index.php\/wp-json\/wp\/v2\/media?parent=94419"}],"wp:term":[{"taxonomy":"category","embeddable":true,"href":"https:\/\/elinformanteperu.com\/index.php\/wp-json\/wp\/v2\/categories?post=94419"},{"taxonomy":"post_tag","embeddable":true,"href":"https:\/\/elinformanteperu.com\/index.php\/wp-json\/wp\/v2\/tags?post=94419"}],"curies":[{"name":"wp","href":"https:\/\/api.w.org\/{rel}","templated":true}]}}