{"id":94413,"date":"2021-03-17T23:50:23","date_gmt":"2021-03-18T04:50:23","guid":{"rendered":"https:\/\/elinformanteperu.com\/?p=94413"},"modified":"2021-03-17T23:50:23","modified_gmt":"2021-03-18T04:50:23","slug":"monsenor-bambaren-fue-internado-en-una-clinica-local-por-covid-19","status":"publish","type":"post","link":"https:\/\/elinformanteperu.com\/index.php\/2021\/03\/17\/monsenor-bambaren-fue-internado-en-una-clinica-local-por-covid-19\/","title":{"rendered":"Monse\u00f1or Bambar\u00e9n fue internado en una cl\u00ednica local por covid-19"},"content":{"rendered":"<p><strong><span style=\"color: #000000;\">Compa\u00f1\u00eda de Jes\u00fas informa en un comunicado que el prelado siente paz y pide que oren por \u00e9l<\/span><\/strong><\/p>\n<p><span style=\"color: #000000;\"><strong>Lima, 17 de Marzo 2021, (ANDINA).-<\/strong> Monse\u00f1or Luis Bambar\u00e9n Gastelumendi se encuentra internado en una cl\u00ednica de Lima luego de haber sido diagnosticado con covid-19, inform\u00f3 la Compa\u00f1\u00eda de Jes\u00fas, mediante un comunicado.<\/span><\/p>\n<p><span style=\"color: #000000;\">En el documento se menciona que el ex presidente de la Conferencia Episcopal Peruana (CEP) recibe los cuidados de sus hermanos jesuitas para su pronta recuperaci\u00f3n.<\/span><\/p>\n<p><span style=\"color: #000000;\">El obispo em\u00e9rito de Chimbote comunica que se encuentra con mucha paz y pide que oren por \u00e9l, refiere el aviso de la congregaci\u00f3n.<\/span><\/p>\n<p><span style=\"color: #000000;\">\u00abLo encomendamos a las oraciones de todos ustedes y a la protecci\u00f3n de la Virgen Inmaculada\u00bb, reza el comunicado.<\/span><\/p>\n","protected":false},"excerpt":{"rendered":"<p>Compa\u00f1\u00eda de Jes\u00fas informa en un comunicado que el prelado siente paz y pide que oren por \u00e9l Lima, 17 de Marzo 2021, (ANDINA).- Monse\u00f1or Luis Bambar\u00e9n Gastelumendi se encuentra internado en una cl\u00ednica de Lima luego de haber sido diagnosticado con covid-19, inform\u00f3 la Compa\u00f1\u00eda de Jes\u00fas, mediante un comunicado. En el documento se [&hellip;]<\/p>\n","protected":false},"author":1,"featured_media":94414,"comment_status":"closed","ping_status":"closed","sticky":false,"template":"","format":"standard","meta":{"rop_custom_images_group":[],"rop_custom_messages_group":[],"rop_publish_now":"initial","rop_publish_now_accounts":[],"rop_publish_now_history":[],"rop_publish_now_status":"pending","footnotes":""},"categories":[10,5745],"tags":[2025,6322,6435],"class_list":["post-94413","post","type-post","status-publish","format-standard","has-post-thumbnail","hentry","category-actualidad-municipal","category-lo-ultimo","tag-conferencia-episcopal-peruana","tag-covid-segunda-ola","tag-luis-bambaren"],"_links":{"self":[{"href":"https:\/\/elinformanteperu.com\/index.php\/wp-json\/wp\/v2\/posts\/94413","targetHints":{"allow":["GET"]}}],"collection":[{"href":"https:\/\/elinformanteperu.com\/index.php\/wp-json\/wp\/v2\/posts"}],"about":[{"href":"https:\/\/elinformanteperu.com\/index.php\/wp-json\/wp\/v2\/types\/post"}],"author":[{"embeddable":true,"href":"https:\/\/elinformanteperu.com\/index.php\/wp-json\/wp\/v2\/users\/1"}],"replies":[{"embeddable":true,"href":"https:\/\/elinformanteperu.com\/index.php\/wp-json\/wp\/v2\/comments?post=94413"}],"version-history":[{"count":1,"href":"https:\/\/elinformanteperu.com\/index.php\/wp-json\/wp\/v2\/posts\/94413\/revisions"}],"predecessor-version":[{"id":94415,"href":"https:\/\/elinformanteperu.com\/index.php\/wp-json\/wp\/v2\/posts\/94413\/revisions\/94415"}],"wp:featuredmedia":[{"embeddable":true,"href":"https:\/\/elinformanteperu.com\/index.php\/wp-json\/wp\/v2\/media\/94414"}],"wp:attachment":[{"href":"https:\/\/elinformanteperu.com\/index.php\/wp-json\/wp\/v2\/media?parent=94413"}],"wp:term":[{"taxonomy":"category","embeddable":true,"href":"https:\/\/elinformanteperu.com\/index.php\/wp-json\/wp\/v2\/categories?post=94413"},{"taxonomy":"post_tag","embeddable":true,"href":"https:\/\/elinformanteperu.com\/index.php\/wp-json\/wp\/v2\/tags?post=94413"}],"curies":[{"name":"wp","href":"https:\/\/api.w.org\/{rel}","templated":true}]}}