{"id":9438,"date":"2017-05-04T00:31:03","date_gmt":"2017-05-04T05:31:03","guid":{"rendered":"http:\/\/elinformanteperu.com\/?p=9438"},"modified":"2017-05-04T00:31:03","modified_gmt":"2017-05-04T05:31:03","slug":"piura-entregaran-unidades-de-vivienda-para-familias-afectadas-por-emergencias","status":"publish","type":"post","link":"https:\/\/elinformanteperu.com\/index.php\/2017\/05\/04\/piura-entregaran-unidades-de-vivienda-para-familias-afectadas-por-emergencias\/","title":{"rendered":"Piura: entregar\u00e1n unidades de vivienda para familias afectadas por emergencias"},"content":{"rendered":"<p><strong><span style=\"color: #000000;\">El jefe del Gabinete, Fernando Zavala, anunci\u00f3 que la pr\u00f3xima semana se estar\u00e1n entregando en Piura las unidades de vivienda temporal para las familias afectadas por las lluvias.<\/span><\/strong><\/p>\n<p><span style=\"color: #000000;\"><strong>Lima, 03 Mayo 2017, (ANDINA).-<\/strong> El jefe del Gabinete Ministerial, Fernando Zavala, anunci\u00f3 que la pr\u00f3xima semana se estar\u00e1n entregando en Piura las unidades de vivienda temporal para las familias afectadas por las lluvias e inundaciones en la zona norte del pa\u00eds.<\/span><\/p>\n<p><span style=\"color: #000000;\">En declaraciones a la prensa, tras la sesi\u00f3n del Consejo de Ministros, indic\u00f3 que el plan de rehabilitaci\u00f3n para las regiones afectadas tiene diversos componentes de vivienda, educaci\u00f3n, salud, carreteras y trabajo para las personas damnificadas.<\/span><\/p>\n<p><span style=\"color: #000000;\">\u201cTenemos el plan de adquirir 13,000 (unidades de vivienda) ya est\u00e1n en camino varias de esas viviendas, esperamos que las primeras lleguen a Piura esta semana y trabajaremos en su instalaci\u00f3n\u201d, dijo.<\/span><\/p>\n<p><span style=\"color: #000000;\">El ministro agreg\u00f3 que se espera que el jueves 11 de mayo se empiece a entregar las primeras unidades de vivienda temporal en Piura y de all\u00ed se empezar\u00e1 el despliegue hacia el resto de regiones del norte.<\/span><\/p>\n<p><span style=\"color: #000000;\">El titular de la Presidencia del Consejo de Ministros destall\u00f3 que otro de los componentes de la rehabilitaci\u00f3n tiene que ver con el trabajo temporal y mencion\u00f3 que hoy en el consejo se aprob\u00f3 ampliar los recursos para el programa de trabajo temporal de emergencia, para dar un apoyo econ\u00f3mico a los pobladores damnificados.<\/span><\/p>\n<p><span style=\"color: #000000;\">Recalc\u00f3 que tambi\u00e9n se viene trabajando arduamente en la reparaci\u00f3n de las v\u00edas de comunicaci\u00f3n de la zona norte del pa\u00eds, por lo que ma\u00f1ana el ministro de Transportes y Comunicaciones, Mart\u00edn Vizcarra, estar\u00e1 viajando a la ciudad de Chiclayo para ver los trabajos de rehabilitaci\u00f3n y la instalaci\u00f3n de un puente en esa zona del pa\u00eds.<\/span><\/p>\n","protected":false},"excerpt":{"rendered":"<p>El jefe del Gabinete, Fernando Zavala, anunci\u00f3 que la pr\u00f3xima semana se estar\u00e1n entregando en Piura las unidades de vivienda temporal para las familias afectadas por las lluvias. Lima, 03 Mayo 2017, (ANDINA).- El jefe del Gabinete Ministerial, Fernando Zavala, anunci\u00f3 que la pr\u00f3xima semana se estar\u00e1n entregando en Piura las unidades de vivienda temporal [&hellip;]<\/p>\n","protected":false},"author":1,"featured_media":9440,"comment_status":"open","ping_status":"open","sticky":false,"template":"","format":"standard","meta":{"rop_custom_images_group":[],"rop_custom_messages_group":[],"rop_publish_now":"initial","rop_publish_now_accounts":[],"rop_publish_now_history":[],"rop_publish_now_status":"pending","footnotes":""},"categories":[5],"tags":[75,857],"class_list":["post-9438","post","type-post","status-publish","format-standard","has-post-thumbnail","hentry","category-actualidad-informativa","tag-fernando-zavala","tag-huaico"],"_links":{"self":[{"href":"https:\/\/elinformanteperu.com\/index.php\/wp-json\/wp\/v2\/posts\/9438","targetHints":{"allow":["GET"]}}],"collection":[{"href":"https:\/\/elinformanteperu.com\/index.php\/wp-json\/wp\/v2\/posts"}],"about":[{"href":"https:\/\/elinformanteperu.com\/index.php\/wp-json\/wp\/v2\/types\/post"}],"author":[{"embeddable":true,"href":"https:\/\/elinformanteperu.com\/index.php\/wp-json\/wp\/v2\/users\/1"}],"replies":[{"embeddable":true,"href":"https:\/\/elinformanteperu.com\/index.php\/wp-json\/wp\/v2\/comments?post=9438"}],"version-history":[{"count":2,"href":"https:\/\/elinformanteperu.com\/index.php\/wp-json\/wp\/v2\/posts\/9438\/revisions"}],"predecessor-version":[{"id":9441,"href":"https:\/\/elinformanteperu.com\/index.php\/wp-json\/wp\/v2\/posts\/9438\/revisions\/9441"}],"wp:featuredmedia":[{"embeddable":true,"href":"https:\/\/elinformanteperu.com\/index.php\/wp-json\/wp\/v2\/media\/9440"}],"wp:attachment":[{"href":"https:\/\/elinformanteperu.com\/index.php\/wp-json\/wp\/v2\/media?parent=9438"}],"wp:term":[{"taxonomy":"category","embeddable":true,"href":"https:\/\/elinformanteperu.com\/index.php\/wp-json\/wp\/v2\/categories?post=9438"},{"taxonomy":"post_tag","embeddable":true,"href":"https:\/\/elinformanteperu.com\/index.php\/wp-json\/wp\/v2\/tags?post=9438"}],"curies":[{"name":"wp","href":"https:\/\/api.w.org\/{rel}","templated":true}]}}