{"id":9429,"date":"2017-05-04T00:09:39","date_gmt":"2017-05-04T05:09:39","guid":{"rendered":"http:\/\/elinformanteperu.com\/?p=9429"},"modified":"2017-05-04T00:09:39","modified_gmt":"2017-05-04T05:09:39","slug":"lionel-messi-no-viajara-a-suiza-para-hacer-sus-descargos-ante-la-fifa","status":"publish","type":"post","link":"https:\/\/elinformanteperu.com\/index.php\/2017\/05\/04\/lionel-messi-no-viajara-a-suiza-para-hacer-sus-descargos-ante-la-fifa\/","title":{"rendered":"Lionel Messi no viajar\u00e1 a Suiza para hacer sus descargos ante la FIFA"},"content":{"rendered":"<p><strong><span style=\"color: #000000;\">El argentino Lionel Messi no viajar\u00e1 a Z\u00farich para presentarse este jueves ante el Tribunal de Disciplina de la FIFA para hacer su descargo por la sanci\u00f3n que recibi\u00f3 en eliminatorias.<\/span><\/strong><\/p>\n<p><span style=\"color: #000000;\"><strong>Barcelona, 03 Mayo 2017, (ANDINA).-<\/strong> El argentino Lionel Messi no viajar\u00e1 a Z\u00farich para presentarse este jueves ante el Tribunal de Disciplina de la FIFA para hacer su descargo por la sanci\u00f3n que recibi\u00f3 en eliminatorias.<\/span><\/p>\n<p><span style=\"color: #000000;\">El astro argentino que juega en el Barcelona s\u00f3lo comunicar\u00e1 sus descargos por videoconferencia.<\/span><\/p>\n<p><span style=\"color: #000000;\">A pesar de que los dirigentes de la AFA quer\u00edan que Messi viaje a Z\u00farich pues consideran que su presencia puede ayudar a rebajar su sanci\u00f3n, el delantero se\u00f1al\u00f3 tener problemas personales y no ir\u00e1 a Suiza.<\/span><\/p>\n<p><span style=\"color: #000000;\">Messi fue suspendido por 4 partidos en eliminatorias y Argentina ha presentado una apelaci\u00f3n.<\/span><\/p>\n<p><span style=\"color: #000000;\">El argentino se comunicar\u00e1 por videoconferencia para dar su descargo.<\/span><\/p>\n<p><img fetchpriority=\"high\" decoding=\"async\" class=\"aligncenter size-full wp-image-7506\" src=\"http:\/\/elinformanteperu.com\/wp-content\/uploads\/2017\/03\/lionel-messi.jpeg\" alt=\"\" width=\"830\" height=\"470\" srcset=\"https:\/\/elinformanteperu.com\/wp-content\/uploads\/2017\/03\/lionel-messi.jpeg 830w, https:\/\/elinformanteperu.com\/wp-content\/uploads\/2017\/03\/lionel-messi-300x170.jpeg 300w, https:\/\/elinformanteperu.com\/wp-content\/uploads\/2017\/03\/lionel-messi-768x435.jpeg 768w, https:\/\/elinformanteperu.com\/wp-content\/uploads\/2017\/03\/lionel-messi-128x72.jpeg 128w, https:\/\/elinformanteperu.com\/wp-content\/uploads\/2017\/03\/lionel-messi-32x18.jpeg 32w, https:\/\/elinformanteperu.com\/wp-content\/uploads\/2017\/03\/lionel-messi-620x350.jpeg 620w\" sizes=\"(max-width: 830px) 100vw, 830px\" \/><\/p>\n","protected":false},"excerpt":{"rendered":"<p>El argentino Lionel Messi no viajar\u00e1 a Z\u00farich para presentarse este jueves ante el Tribunal de Disciplina de la FIFA para hacer su descargo por la sanci\u00f3n que recibi\u00f3 en eliminatorias. Barcelona, 03 Mayo 2017, (ANDINA).- El argentino Lionel Messi no viajar\u00e1 a Z\u00farich para presentarse este jueves ante el Tribunal de Disciplina de la [&hellip;]<\/p>\n","protected":false},"author":1,"featured_media":9430,"comment_status":"open","ping_status":"open","sticky":false,"template":"","format":"standard","meta":{"rop_custom_images_group":[],"rop_custom_messages_group":[],"rop_publish_now":"initial","rop_publish_now_accounts":[],"rop_publish_now_history":[],"rop_publish_now_status":"pending","footnotes":""},"categories":[8],"tags":[302],"class_list":["post-9429","post","type-post","status-publish","format-standard","has-post-thumbnail","hentry","category-disciplinas-deportivas","tag-lionel-messi"],"_links":{"self":[{"href":"https:\/\/elinformanteperu.com\/index.php\/wp-json\/wp\/v2\/posts\/9429","targetHints":{"allow":["GET"]}}],"collection":[{"href":"https:\/\/elinformanteperu.com\/index.php\/wp-json\/wp\/v2\/posts"}],"about":[{"href":"https:\/\/elinformanteperu.com\/index.php\/wp-json\/wp\/v2\/types\/post"}],"author":[{"embeddable":true,"href":"https:\/\/elinformanteperu.com\/index.php\/wp-json\/wp\/v2\/users\/1"}],"replies":[{"embeddable":true,"href":"https:\/\/elinformanteperu.com\/index.php\/wp-json\/wp\/v2\/comments?post=9429"}],"version-history":[{"count":1,"href":"https:\/\/elinformanteperu.com\/index.php\/wp-json\/wp\/v2\/posts\/9429\/revisions"}],"predecessor-version":[{"id":9431,"href":"https:\/\/elinformanteperu.com\/index.php\/wp-json\/wp\/v2\/posts\/9429\/revisions\/9431"}],"wp:featuredmedia":[{"embeddable":true,"href":"https:\/\/elinformanteperu.com\/index.php\/wp-json\/wp\/v2\/media\/9430"}],"wp:attachment":[{"href":"https:\/\/elinformanteperu.com\/index.php\/wp-json\/wp\/v2\/media?parent=9429"}],"wp:term":[{"taxonomy":"category","embeddable":true,"href":"https:\/\/elinformanteperu.com\/index.php\/wp-json\/wp\/v2\/categories?post=9429"},{"taxonomy":"post_tag","embeddable":true,"href":"https:\/\/elinformanteperu.com\/index.php\/wp-json\/wp\/v2\/tags?post=9429"}],"curies":[{"name":"wp","href":"https:\/\/api.w.org\/{rel}","templated":true}]}}