{"id":94219,"date":"2021-03-13T01:29:55","date_gmt":"2021-03-13T06:29:55","guid":{"rendered":"https:\/\/elinformanteperu.com\/?p=94219"},"modified":"2021-03-13T01:29:55","modified_gmt":"2021-03-13T06:29:55","slug":"minsa-casos-confirmados-de-covid-19-llegan-a-un-millon-402610-desde-marzo-2020","status":"publish","type":"post","link":"https:\/\/elinformanteperu.com\/index.php\/2021\/03\/13\/minsa-casos-confirmados-de-covid-19-llegan-a-un-millon-402610-desde-marzo-2020\/","title":{"rendered":"Minsa: casos confirmados de covid-19 llegan a un mill\u00f3n 402,610 desde marzo 2020"},"content":{"rendered":"<p><strong><span style=\"color: #000000;\">Sector Salud reporta tambi\u00e9n 216 altas m\u00e9dicas y 180 fallecidos en 24 horas<\/span><\/strong><\/p>\n<p><span style=\"color: #000000;\"><strong>Lima, 12 de Marzo 2021, (ANDINA).-<\/strong> Los casos confirmados de covid-19 en el Per\u00fa llegaron hoy a un mill\u00f3n 402,610 desde el 6 de marzo del a\u00f1o pasado \u2013fecha en que se report\u00f3 al llamado \u201cpaciente cero\u201d en Lima\u2013, inform\u00f3 el Ministerio de Salud (Minsa).<\/span><\/p>\n<p><span style=\"color: #000000;\">El informe de la sala situacional covid-19 de la autoridad de Salud dio cuenta, tambi\u00e9n, de 216 altas m\u00e9dicas y 180 fallecidos por coronavirus en las \u00faltimas 24 horas.<\/span><\/p>\n<p><span style=\"color: #000000;\">Con relaci\u00f3n a las pruebas de descarte (moleculares, antig\u00e9nicas y serol\u00f3gicas), el Minsa precis\u00f3 que, hasta las 22:00 horas del 11 de marzo, se han procesado muestras para 8 millones 172,738 personas, \u201cobteni\u00e9ndose un mill\u00f3n 402,610 casos confirmados\u201d desde el inicio de la pandemia en el Per\u00fa.<\/span><\/p>\n<p><span style=\"color: #000000;\">A la par, las muestras con resultado negativo ascendieron, en poco m\u00e1s de doce meses, a 6 millones 770,128.<\/span><\/p>\n<p><span style=\"color: #000000;\">En la misma jornada en que el Gobierno redujo el nivel de alerta \u00acen Lima \u2013de \u2018extremo\u2019 a \u2018muy alto\u2019\u2013, el Minsa anunci\u00f3 que los casos sintom\u00e1ticos del d\u00eda fueron 3,854 en todo el pa\u00eds, para un total de 66,808 personas muestreadas.<\/span><\/p>\n<p><span style=\"color: #000000;\">Adem\u00e1s, se registraron parcialmente los resultados de 8,039 casos confirmados por covid-19 de los siete d\u00edas anteriores.<\/span><\/p>\n<p><strong><span style=\"color: #000000;\">Hospitalizados y UCI<\/span><\/strong><\/p>\n<p><span style=\"color: #000000;\">A la fecha, el sistema de salud contabiliza 14,610 pacientes hospitalizados por covid-19, de los cuales 2,212 se encuentran en cuidados intensivos con ventilaci\u00f3n mec\u00e1nica. En simult\u00e1neo, centenares de contagiados son atendidos por sus familias en sus domicilios. <\/span><\/p>\n<p><span style=\"color: #000000;\">Otra cifra que crece es la de personas que superaron la enfermedad. \u201cDel total de casos confirmados, a la fecha un mill\u00f3n 308,175 personas cumplieron su per\u00edodo de aislamiento domiciliario o fueron dados de alta de un establecimiento de salud\u201d, a\u00f1ade el comunicado del Ministerio de Salud.<\/span><\/p>\n<p><strong><span style=\"color: #000000;\">Altas y fallecidos<\/span><\/strong><\/p>\n<p><span style=\"color: #000000;\">Las altas m\u00e9dicas del d\u00eda fueron 216, en tanto que los fallecidos en las \u00faltimas 24 horas sumaron 180, un ligero repunte en comparaci\u00f3n con las 161 v\u00edctimas de la v\u00edspera.<\/span><\/p>\n<p><span style=\"color: #000000;\">\u201cEl Ministerio de Salud lamenta informar que la covid-19 ha producido el fallecimiento de 48,664 ciudadanos en el pa\u00eds. Expresamos nuestras sentidas condolencias a los familiares en este momento de dolor\u201d.<\/span><\/p>\n<p><span style=\"color: #000000;\">Con una serie de actividades autorizadas a operar con aforos, \u201cel Gobierno recomienda distanciamiento f\u00edsico de al menos un metro de distancia de otra persona, usar mascarilla, lavarse las manos de manera frecuente y usar escudos faciales en el transporte p\u00fablico\u201d.<\/span><\/p>\n","protected":false},"excerpt":{"rendered":"<p>Sector Salud reporta tambi\u00e9n 216 altas m\u00e9dicas y 180 fallecidos en 24 horas Lima, 12 de Marzo 2021, (ANDINA).- Los casos confirmados de covid-19 en el Per\u00fa llegaron hoy a un mill\u00f3n 402,610 desde el 6 de marzo del a\u00f1o pasado \u2013fecha en que se report\u00f3 al llamado \u201cpaciente cero\u201d en Lima\u2013, inform\u00f3 el Ministerio [&hellip;]<\/p>\n","protected":false},"author":1,"featured_media":94220,"comment_status":"closed","ping_status":"closed","sticky":false,"template":"","format":"standard","meta":{"rop_custom_images_group":[],"rop_custom_messages_group":[],"rop_publish_now":"initial","rop_publish_now_accounts":[],"rop_publish_now_history":[],"rop_publish_now_status":"pending","footnotes":""},"categories":[10],"tags":[6322,388,431],"class_list":["post-94219","post","type-post","status-publish","format-standard","has-post-thumbnail","hentry","category-actualidad-municipal","tag-covid-segunda-ola","tag-ministerio-de-salud","tag-minsa"],"_links":{"self":[{"href":"https:\/\/elinformanteperu.com\/index.php\/wp-json\/wp\/v2\/posts\/94219","targetHints":{"allow":["GET"]}}],"collection":[{"href":"https:\/\/elinformanteperu.com\/index.php\/wp-json\/wp\/v2\/posts"}],"about":[{"href":"https:\/\/elinformanteperu.com\/index.php\/wp-json\/wp\/v2\/types\/post"}],"author":[{"embeddable":true,"href":"https:\/\/elinformanteperu.com\/index.php\/wp-json\/wp\/v2\/users\/1"}],"replies":[{"embeddable":true,"href":"https:\/\/elinformanteperu.com\/index.php\/wp-json\/wp\/v2\/comments?post=94219"}],"version-history":[{"count":1,"href":"https:\/\/elinformanteperu.com\/index.php\/wp-json\/wp\/v2\/posts\/94219\/revisions"}],"predecessor-version":[{"id":94221,"href":"https:\/\/elinformanteperu.com\/index.php\/wp-json\/wp\/v2\/posts\/94219\/revisions\/94221"}],"wp:featuredmedia":[{"embeddable":true,"href":"https:\/\/elinformanteperu.com\/index.php\/wp-json\/wp\/v2\/media\/94220"}],"wp:attachment":[{"href":"https:\/\/elinformanteperu.com\/index.php\/wp-json\/wp\/v2\/media?parent=94219"}],"wp:term":[{"taxonomy":"category","embeddable":true,"href":"https:\/\/elinformanteperu.com\/index.php\/wp-json\/wp\/v2\/categories?post=94219"},{"taxonomy":"post_tag","embeddable":true,"href":"https:\/\/elinformanteperu.com\/index.php\/wp-json\/wp\/v2\/tags?post=94219"}],"curies":[{"name":"wp","href":"https:\/\/api.w.org\/{rel}","templated":true}]}}