{"id":94215,"date":"2021-03-13T01:26:24","date_gmt":"2021-03-13T06:26:24","guid":{"rendered":"https:\/\/elinformanteperu.com\/?p=94215"},"modified":"2021-03-13T01:26:24","modified_gmt":"2021-03-13T06:26:24","slug":"clases-presenciales-no-retornaran-en-lugares-con-mayor-riesgo-de-contagio","status":"publish","type":"post","link":"https:\/\/elinformanteperu.com\/index.php\/2021\/03\/13\/clases-presenciales-no-retornaran-en-lugares-con-mayor-riesgo-de-contagio\/","title":{"rendered":"Clases presenciales no retornar\u00e1n en lugares con mayor riesgo de contagio"},"content":{"rendered":"<p><strong><span style=\"color: #000000;\">Ministro de Educaci\u00f3n garantiza que proceso ser\u00e1 lo m\u00e1s seguro posible<\/span><\/strong><\/p>\n<p><span style=\"color: #000000;\"><strong>Lima, 12 de Marzo 2021, (ANDINA).-<\/strong> El retorno a las clases escolares presenciales \u201cse har\u00e1 de la manera m\u00e1s segura posible\u201d, manifest\u00f3 el ministro de Educaci\u00f3n, Ricardo Cuenca, quien garantiz\u00f3 que esto no se har\u00e1 en lugares donde todav\u00eda haya riesgos mayores de contagio del covid-19.<\/span><\/p>\n<p><span style=\"color: #000000;\">\u201cNo hay ninguna posibilidad de abrir escuelas donde todav\u00eda haya un riesgo mayor\u201d, recalc\u00f3 el representante del Poder Ejecutivo, tras confirmar que el eventual retorno a las aulas por parte de los estudiantes \u201cser\u00e1 gradual\u201d.<\/span><\/p>\n<p><span style=\"color: #000000;\">En tal sentido indic\u00f3 que la norma t\u00e9cnica que su sector emiti\u00f3 el mi\u00e9rcoles pasado no implica un retorno total e inmediato a las clases presenciales, sino que \u201cnos prepara y da protocolos\u201d para cuando esto sea factible.<\/span><\/p>\n<p><span style=\"color: #000000;\">Record\u00f3 que lo que se tiene previsto es iniciar el a\u00f1o escolar en las escuelas p\u00fablicas el 15 de marzo, desarroll\u00e1ndose este de forma remota hasta el 15 de abril.<\/span><\/p>\n<p><span style=\"color: #000000;\">\u201cEn ese per\u00edodo tendremos la informaci\u00f3n que nos dar\u00e1 cuenta de aquellos distritos en los que se podr\u00eda volver a un nivel de presencialidad en las clases\u201d, indic\u00f3 Cuenca.<\/span><\/p>\n<p><span style=\"color: #000000;\">Todas estas jurisdicciones forman parte del \u00e1mbito rural, recalc\u00f3 el ministro, durante una conferencia de prensa compartida con la titular del Gabinete Ministerial, Violeta Berm\u00fadez, y el ministro de Salud, \u00d3scar Ugarte.<\/span><\/p>\n<p><span style=\"color: #000000;\">\u201cEl gran desaf\u00edo es generar confianza para volver\u201d a las aulas, admiti\u00f3 Cuenca, quien consider\u00f3 que este proceso se caracterizar\u00e1 por ser \u201cseguro, flexible, gradual y moment\u00e1neo\u201d. El mismo se desarrollar\u00e1 en relaci\u00f3n directa con los gobiernos regionales y locales, a\u00f1adi\u00f3.<\/span><\/p>\n<p><span style=\"color: #000000;\">Cuenca record\u00f3 que en la mayor\u00eda de gobiernos regionales se instalaron ya los comit\u00e9s regionales intersectoriales que determinar\u00e1n con sus evaluaciones si se puede volver a las clases presenciales en sus jurisdicciones.<\/span><\/p>\n","protected":false},"excerpt":{"rendered":"<p>Ministro de Educaci\u00f3n garantiza que proceso ser\u00e1 lo m\u00e1s seguro posible Lima, 12 de Marzo 2021, (ANDINA).- El retorno a las clases escolares presenciales \u201cse har\u00e1 de la manera m\u00e1s segura posible\u201d, manifest\u00f3 el ministro de Educaci\u00f3n, Ricardo Cuenca, quien garantiz\u00f3 que esto no se har\u00e1 en lugares donde todav\u00eda haya riesgos mayores de contagio [&hellip;]<\/p>\n","protected":false},"author":1,"featured_media":94217,"comment_status":"closed","ping_status":"closed","sticky":false,"template":"","format":"standard","meta":{"rop_custom_images_group":[],"rop_custom_messages_group":[],"rop_publish_now":"initial","rop_publish_now_accounts":[],"rop_publish_now_history":[],"rop_publish_now_status":"pending","footnotes":""},"categories":[10,5745],"tags":[1668,328,6235],"class_list":["post-94215","post","type-post","status-publish","format-standard","has-post-thumbnail","hentry","category-actualidad-municipal","category-lo-ultimo","tag-minedu","tag-ministerio-de-de-educacion","tag-ricardo-cuenca"],"_links":{"self":[{"href":"https:\/\/elinformanteperu.com\/index.php\/wp-json\/wp\/v2\/posts\/94215","targetHints":{"allow":["GET"]}}],"collection":[{"href":"https:\/\/elinformanteperu.com\/index.php\/wp-json\/wp\/v2\/posts"}],"about":[{"href":"https:\/\/elinformanteperu.com\/index.php\/wp-json\/wp\/v2\/types\/post"}],"author":[{"embeddable":true,"href":"https:\/\/elinformanteperu.com\/index.php\/wp-json\/wp\/v2\/users\/1"}],"replies":[{"embeddable":true,"href":"https:\/\/elinformanteperu.com\/index.php\/wp-json\/wp\/v2\/comments?post=94215"}],"version-history":[{"count":1,"href":"https:\/\/elinformanteperu.com\/index.php\/wp-json\/wp\/v2\/posts\/94215\/revisions"}],"predecessor-version":[{"id":94218,"href":"https:\/\/elinformanteperu.com\/index.php\/wp-json\/wp\/v2\/posts\/94215\/revisions\/94218"}],"wp:featuredmedia":[{"embeddable":true,"href":"https:\/\/elinformanteperu.com\/index.php\/wp-json\/wp\/v2\/media\/94217"}],"wp:attachment":[{"href":"https:\/\/elinformanteperu.com\/index.php\/wp-json\/wp\/v2\/media?parent=94215"}],"wp:term":[{"taxonomy":"category","embeddable":true,"href":"https:\/\/elinformanteperu.com\/index.php\/wp-json\/wp\/v2\/categories?post=94215"},{"taxonomy":"post_tag","embeddable":true,"href":"https:\/\/elinformanteperu.com\/index.php\/wp-json\/wp\/v2\/tags?post=94215"}],"curies":[{"name":"wp","href":"https:\/\/api.w.org\/{rel}","templated":true}]}}