{"id":94212,"date":"2021-03-13T01:11:57","date_gmt":"2021-03-13T06:11:57","guid":{"rendered":"https:\/\/elinformanteperu.com\/?p=94212"},"modified":"2021-03-13T01:11:57","modified_gmt":"2021-03-13T06:11:57","slug":"ministro-de-salud-ningun-adulto-mayor-se-quedara-sin-vacuna","status":"publish","type":"post","link":"https:\/\/elinformanteperu.com\/index.php\/2021\/03\/13\/ministro-de-salud-ningun-adulto-mayor-se-quedara-sin-vacuna\/","title":{"rendered":"Ministro de Salud: Ning\u00fan adulto mayor se quedar\u00e1 sin vacuna"},"content":{"rendered":"<p><strong><span style=\"color: #000000;\">El total de adultos mayores por inmunizar es de 4 millones 169,310, precisa \u00d3scar Ugarte<\/span><\/strong><\/p>\n<p><span style=\"color: #000000;\"><strong>Lima, 12 de Marzo 2021, (ANDINA).-<\/strong> Los adultos mayores en el Per\u00fa son 4 millones 169,310 y sobre esa proyecci\u00f3n, confirmada por el Reniec, el Gobierno programa la vacunaci\u00f3n para las pr\u00f3ximas semanas, inform\u00f3 el ministro de Salud, \u00d3scar Ugarte, al asegurar que \u201cning\u00fan adulto mayor se quedar\u00e1 sin vacunar\u201d.<\/span><\/p>\n<p><span style=\"color: #000000;\">En la conferencia de prensa que ofreci\u00f3 esta tarde junto a la jefa del Gabinete Ministerial, Violeta Berm\u00fadez, y el titular de Educaci\u00f3n, Ricardo Cuenca, Ugarte mostr\u00f3 el Mapa global del proceso de vacunaci\u00f3n del Adulto Mayor por DNI y por distrito de residencia.<\/span><\/p>\n<p><span style=\"color: #000000;\">Al respecto, refiri\u00f3 que, sumando a los adultos mayores asegurados en EsSalud, a los beneficiarios del programa Pensi\u00f3n 65 y a los que atiende el Estado por medio de centros residenciales y albergues, se tiene al 60 % de este segmento poblacional, cuya inmunizaci\u00f3n ya est\u00e1 encaminada y asegurada.<\/span><\/p>\n<p><strong><span style=\"color: #000000;\">El gran reto<\/span><\/strong><\/p>\n<p><span style=\"color: #000000;\">\u201cEl gran reto es atender al otro 40 % que, con mucha raz\u00f3n, se pregunta c\u00f3mo va a ser este proceso\u201d, coment\u00f3 el titular del Ministerio de Salud (Minsa).<\/span><\/p>\n<p><span style=\"color: #000000;\">\u201cPartimos del padr\u00f3n del Registro Nacional de Identificaci\u00f3n y Estado Civil (Reniec) donde constan los nombres y la ubicaci\u00f3n regional e incluso distrital\u201d de cada ciudadano adulto mayor.<\/span><\/p>\n<p><span style=\"color: #000000;\">A partir de esta informaci\u00f3n se har\u00e1 \u2013por medio de un aplicativo digital\u2013 \u201cuna caracterizaci\u00f3n funcional de la poblaci\u00f3n\u201d, es decir, se identificar\u00e1 sin son personas en capacidad de movilizarse \u2013para inmunizarlos en un centro de vacunaci\u00f3n\u2013 o si no pueden desplazarse, en cuyo caso se les vacunar\u00e1 en sus domicilios.<\/span><\/p>\n<p><span style=\"color: #000000;\">\u201cVa a ser un trabajo coordinado con las municipalidades \u2013garantiz\u00f3\u2013. Tendremos atenci\u00f3n de acuerdo con la concentraci\u00f3n de demanda y pr\u00f3ximamente anunciaremos los lugares donde tendr\u00e1n que vacunarse\u201d a partir de abril.<\/span><\/p>\n<p><span style=\"color: #000000;\">Para los adultos mayores que s\u00ed pueden desplazarse, la idea es que se vacunen en los centros de votaci\u00f3n asignados por la Oficina Nacional de Procesos Electorales (ONPE). Aun cuando por ley no est\u00e1n obligados a votar, s\u00ed est\u00e1n asignados a determinados centros escolares; ese ser\u00e1 su punto de vacunaci\u00f3n, con lo cual se garantiza un desplazamiento m\u00ednimo, acot\u00f3 el ministro.<\/span><\/p>\n<p><span style=\"color: #000000;\">Calculamos que este proceso comenzar\u00e1 en abril y culminar\u00e1 en mayo, como plazo tentativo, agreg\u00f3 Ugarte. \u201cSin embargo, lo que definir\u00e1 el plazo real es la llegada de las vacunas, y en abril y mayo recibiremos lotes mayores\u201d.<\/span><\/p>\n<p><strong><span style=\"color: #000000;\">Profesionales independientes<\/span><\/strong><\/p>\n<p><span style=\"color: #000000;\">El ministro se refiri\u00f3 tambi\u00e9n a los profesionales de salud independientes, aquellos que no pertenecen a EsSalud, Minsa, sanidades de la PNP y FF. AA. o cl\u00ednicas privadas, quienes tambi\u00e9n son vacunados.<\/span><\/p>\n<p><span style=\"color: #000000;\">Dijo que, en coordinaci\u00f3n con los colegios profesionales respectivos, se ha determinado que son 230,186 trabajadores independientes, de los cuales ya han sido inoculados 148,788 con la primera dosis.<\/span><\/p>\n<p><span style=\"color: #000000;\">Se trata de bi\u00f3logos, obstetras, psic\u00f3logos, odont\u00f3logos, tecn\u00f3logos m\u00e9dicos, qu\u00edmicos farmac\u00e9uticos, enfermeros, nutricionistas y otros profesionales, a quienes desde aqu\u00ed les decimos que no se preocupen porque \u201cnadie se va a quedar sin vacunar\u201d.<\/span><\/p>\n","protected":false},"excerpt":{"rendered":"<p>El total de adultos mayores por inmunizar es de 4 millones 169,310, precisa \u00d3scar Ugarte Lima, 12 de Marzo 2021, (ANDINA).- Los adultos mayores en el Per\u00fa son 4 millones 169,310 y sobre esa proyecci\u00f3n, confirmada por el Reniec, el Gobierno programa la vacunaci\u00f3n para las pr\u00f3ximas semanas, inform\u00f3 el ministro de Salud, \u00d3scar Ugarte, [&hellip;]<\/p>\n","protected":false},"author":1,"featured_media":94213,"comment_status":"closed","ping_status":"closed","sticky":false,"template":"","format":"standard","meta":{"rop_custom_images_group":[],"rop_custom_messages_group":[],"rop_publish_now":"initial","rop_publish_now_accounts":[],"rop_publish_now_history":[],"rop_publish_now_status":"pending","footnotes":""},"categories":[10,5745],"tags":[388,431,5779],"class_list":["post-94212","post","type-post","status-publish","format-standard","has-post-thumbnail","hentry","category-actualidad-municipal","category-lo-ultimo","tag-ministerio-de-salud","tag-minsa","tag-oscar-ugarte"],"_links":{"self":[{"href":"https:\/\/elinformanteperu.com\/index.php\/wp-json\/wp\/v2\/posts\/94212","targetHints":{"allow":["GET"]}}],"collection":[{"href":"https:\/\/elinformanteperu.com\/index.php\/wp-json\/wp\/v2\/posts"}],"about":[{"href":"https:\/\/elinformanteperu.com\/index.php\/wp-json\/wp\/v2\/types\/post"}],"author":[{"embeddable":true,"href":"https:\/\/elinformanteperu.com\/index.php\/wp-json\/wp\/v2\/users\/1"}],"replies":[{"embeddable":true,"href":"https:\/\/elinformanteperu.com\/index.php\/wp-json\/wp\/v2\/comments?post=94212"}],"version-history":[{"count":1,"href":"https:\/\/elinformanteperu.com\/index.php\/wp-json\/wp\/v2\/posts\/94212\/revisions"}],"predecessor-version":[{"id":94214,"href":"https:\/\/elinformanteperu.com\/index.php\/wp-json\/wp\/v2\/posts\/94212\/revisions\/94214"}],"wp:featuredmedia":[{"embeddable":true,"href":"https:\/\/elinformanteperu.com\/index.php\/wp-json\/wp\/v2\/media\/94213"}],"wp:attachment":[{"href":"https:\/\/elinformanteperu.com\/index.php\/wp-json\/wp\/v2\/media?parent=94212"}],"wp:term":[{"taxonomy":"category","embeddable":true,"href":"https:\/\/elinformanteperu.com\/index.php\/wp-json\/wp\/v2\/categories?post=94212"},{"taxonomy":"post_tag","embeddable":true,"href":"https:\/\/elinformanteperu.com\/index.php\/wp-json\/wp\/v2\/tags?post=94212"}],"curies":[{"name":"wp","href":"https:\/\/api.w.org\/{rel}","templated":true}]}}