{"id":94208,"date":"2021-03-13T01:08:55","date_gmt":"2021-03-13T06:08:55","guid":{"rendered":"https:\/\/elinformanteperu.com\/?p=94208"},"modified":"2021-03-13T01:08:55","modified_gmt":"2021-03-13T06:08:55","slug":"ministra-de-vivienda-inspecciona-zonas-afectadas-en-chulucanas-por-desborde-del-rio-yapatera","status":"publish","type":"post","link":"https:\/\/elinformanteperu.com\/index.php\/2021\/03\/13\/ministra-de-vivienda-inspecciona-zonas-afectadas-en-chulucanas-por-desborde-del-rio-yapatera\/","title":{"rendered":"Ministra de Vivienda inspecciona zonas afectadas en Chulucanas por desborde del r\u00edo Yapatera"},"content":{"rendered":"<p><strong><span style=\"color: #000000;\">Solangel Fern\u00e1ndez inform\u00f3 que se han identificado 19 puntos cr\u00edticos en la regi\u00f3n en los que el sector intervendr\u00e1 con maquinaria pesada.<\/span><\/strong><\/p>\n<p><span style=\"color: #000000;\"><strong>Piura, 12 de Marzo 2021, (El Informante Per\u00fa).- <\/strong>La ministra de Vivienda, Construcci\u00f3n y Saneamiento (MVCS), Solangel Fern\u00e1ndez Huanqui, inspeccion\u00f3 esta ma\u00f1ana el sector de \u00d1\u00e1cara, en el distrito de Chulucanas, que esta madrugada se vio afectado por el desborde del r\u00edo Yapatera.<\/span><\/p>\n<p><span style=\"color: #000000;\">Acompa\u00f1ada de la viceministra de Vivienda y Urbanismo, Elizabeth A\u00f1a\u00f1os; el jefe del Instituto Nacional de Defensa Civil, Alfredo Murgueytio; y el alcalde provincial de Morrop\u00f3n-Chulucanas, Nelson M\u00edo, la ministra recorri\u00f3 las zonas afectadas.<\/span><\/p>\n<p><span style=\"color: #000000;\">Solangel Fern\u00e1ndez constat\u00f3 que la maquinaria pesada del Ministerio de Vivienda, Construcci\u00f3n y Saneamiento (MVCS) ya trabaja en la zona y que personal del Ej\u00e9rcito Peruano coloca costales de arena como protecci\u00f3n al borde del r\u00edo. Las autoridades informaron que son cuatro las viviendas declaradas inhabitables y se estima en 30 las afectadas.<\/span><\/p>\n<p><span style=\"color: #000000;\">Asimismo, Fern\u00e1ndez se\u00f1al\u00f3 que el MVCS suscribir\u00e1 un convenio con la Municipalidad Provincial de Morrop\u00f3n-Chulucanas a fin de promover un Programa Municipal de Vivienda (Promuvi), que permita la reubicaci\u00f3n de estas familias.<\/span><\/p>\n<p><span style=\"color: #000000;\">\u201cEsto no se resuelve solo poniendo mayores defensas en el r\u00edo. Se resuelve teniendo una soluci\u00f3n sostenible en el territorio\u201d, refiri\u00f3 la ministra. \u201cEstamos coordinando con los alcaldes para que puedan planificar el territorio y definir el suelo donde se va a generar espacio para nueva vivienda que permita reubicar a las familias vulnerables\u201d, a\u00f1adi\u00f3 Fern\u00e1ndez, y asegur\u00f3 que el Gobierno de emergencia y transici\u00f3n dejar\u00e1 estas tareas encaminadas.<\/span><\/p>\n<p><span style=\"color: #000000;\">Inform\u00f3 que el MVCS ha entregado dos motobombas a la municipalidad distrital de El Alto y otras dos a la de Querecotillo. Asimismo, hoy llegar\u00e1 una a la Municipalidad Distrital de Chulucanas. Con ello, ya suman 22 las motobombas que el sector ha otorgado desde el fin de semana a las municipalidades de Piura para evacuar el agua de viviendas y zonas urbanas afectadas por lluvias intensas y desbordes.<\/span><\/p>\n<p><img fetchpriority=\"high\" decoding=\"async\" class=\"aligncenter size-full wp-image-94210\" src=\"https:\/\/elinformanteperu.com\/wp-content\/uploads\/2021\/03\/vivienda-solangel-piura5.jpg\" alt=\"\" width=\"762\" height=\"505\" srcset=\"https:\/\/elinformanteperu.com\/wp-content\/uploads\/2021\/03\/vivienda-solangel-piura5.jpg 762w, https:\/\/elinformanteperu.com\/wp-content\/uploads\/2021\/03\/vivienda-solangel-piura5-300x199.jpg 300w\" sizes=\"(max-width: 762px) 100vw, 762px\" \/><\/p>\n<p><strong><span style=\"color: #000000;\">Maquinaria pesada<\/span><\/strong><\/p>\n<p><span style=\"color: #000000;\">Solangel Fern\u00e1ndez tambi\u00e9n inform\u00f3 que el MVCS ha identificado 19 puntos cr\u00edticos en r\u00edos, quebradas y drenes en los distritos de Chulucanas, La Matanza, Morrop\u00f3n y Tambogrande en los que intervendr\u00e1 con maquinaria pesada para hacer labores de limpieza, descolmataci\u00f3n y formaci\u00f3n de diques y, de esta forma, resguardar las viviendas y zonas urbanas ante posibles desbordes.<\/span><\/p>\n<p><span style=\"color: #000000;\">Cabe mencionar que la maquinaria pesada del MVCS ya se encuentra en Chulucanas. Al respecto, la ministra explic\u00f3 que son 54 unidades de maquinaria del MVCS las que se encuentran desplegadas a lo largo de la regi\u00f3n. \u201cYa hemos identificando 19 puntos cr\u00edticos que tenemos que atender en las zonas afectadas. La maquinaria est\u00e1 desplaz\u00e1ndose y trabajando\u201d, recalc\u00f3.<\/span><\/p>\n<p><span style=\"color: #000000;\">De esta forma, la ministra concluy\u00f3 una doble jornada de trabajo en Piura, que estuvo exclusivamente dedicada a coordinar la atenci\u00f3n de la emergencia ante lluvias intensas y que adem\u00e1s incluy\u00f3 un sobrevuelo por las zonas afectadas, inspecciones de campo en Sullana y Tambogrande, y una reuni\u00f3n con autoridades municipales.<\/span><\/p>\n<p><span style=\"color: #000000;\">Sobre este \u00faltimo punto, la tambi\u00e9n coordinadora del Poder Ejecutivo para la regi\u00f3n Piura mencion\u00f3 que los alcaldes han solicitado que un total de 21 distritos sean declarados en emergencia. Al respecto, Fern\u00e1ndez coment\u00f3 que se evaluar\u00e1 la informaci\u00f3n brindada por las autoridades locales, la misma que ser\u00e1 enviada a la Presidencia del Consejo de Ministros para una decisi\u00f3n final.<\/span><\/p>\n","protected":false},"excerpt":{"rendered":"<p>Solangel Fern\u00e1ndez inform\u00f3 que se han identificado 19 puntos cr\u00edticos en la regi\u00f3n en los que el sector intervendr\u00e1 con maquinaria pesada. Piura, 12 de Marzo 2021, (El Informante Per\u00fa).- La ministra de Vivienda, Construcci\u00f3n y Saneamiento (MVCS), Solangel Fern\u00e1ndez Huanqui, inspeccion\u00f3 esta ma\u00f1ana el sector de \u00d1\u00e1cara, en el distrito de Chulucanas, que esta [&hellip;]<\/p>\n","protected":false},"author":1,"featured_media":94209,"comment_status":"closed","ping_status":"closed","sticky":false,"template":"","format":"standard","meta":{"rop_custom_images_group":[],"rop_custom_messages_group":[],"rop_publish_now":"initial","rop_publish_now_accounts":[],"rop_publish_now_history":[],"rop_publish_now_status":"pending","footnotes":""},"categories":[10],"tags":[1557,1010,6228],"class_list":["post-94208","post","type-post","status-publish","format-standard","has-post-thumbnail","hentry","category-actualidad-municipal","tag-ministerio-de-vivienda","tag-piura","tag-solangel-fernandez"],"_links":{"self":[{"href":"https:\/\/elinformanteperu.com\/index.php\/wp-json\/wp\/v2\/posts\/94208","targetHints":{"allow":["GET"]}}],"collection":[{"href":"https:\/\/elinformanteperu.com\/index.php\/wp-json\/wp\/v2\/posts"}],"about":[{"href":"https:\/\/elinformanteperu.com\/index.php\/wp-json\/wp\/v2\/types\/post"}],"author":[{"embeddable":true,"href":"https:\/\/elinformanteperu.com\/index.php\/wp-json\/wp\/v2\/users\/1"}],"replies":[{"embeddable":true,"href":"https:\/\/elinformanteperu.com\/index.php\/wp-json\/wp\/v2\/comments?post=94208"}],"version-history":[{"count":1,"href":"https:\/\/elinformanteperu.com\/index.php\/wp-json\/wp\/v2\/posts\/94208\/revisions"}],"predecessor-version":[{"id":94211,"href":"https:\/\/elinformanteperu.com\/index.php\/wp-json\/wp\/v2\/posts\/94208\/revisions\/94211"}],"wp:featuredmedia":[{"embeddable":true,"href":"https:\/\/elinformanteperu.com\/index.php\/wp-json\/wp\/v2\/media\/94209"}],"wp:attachment":[{"href":"https:\/\/elinformanteperu.com\/index.php\/wp-json\/wp\/v2\/media?parent=94208"}],"wp:term":[{"taxonomy":"category","embeddable":true,"href":"https:\/\/elinformanteperu.com\/index.php\/wp-json\/wp\/v2\/categories?post=94208"},{"taxonomy":"post_tag","embeddable":true,"href":"https:\/\/elinformanteperu.com\/index.php\/wp-json\/wp\/v2\/tags?post=94208"}],"curies":[{"name":"wp","href":"https:\/\/api.w.org\/{rel}","templated":true}]}}