{"id":9411,"date":"2017-05-03T23:49:09","date_gmt":"2017-05-04T04:49:09","guid":{"rendered":"http:\/\/elinformanteperu.com\/?p=9411"},"modified":"2017-05-03T23:49:09","modified_gmt":"2017-05-04T04:49:09","slug":"francesco-totti-se-retirara-del-futbol-en-junio","status":"publish","type":"post","link":"https:\/\/elinformanteperu.com\/index.php\/2017\/05\/03\/francesco-totti-se-retirara-del-futbol-en-junio\/","title":{"rendered":"Francesco Totti se retirar\u00e1 del f\u00fatbol en junio"},"content":{"rendered":"<p><strong><span style=\"color: #000000;\">El nuevo director deportivo de la Roma, el espa\u00f1ol Ram\u00f3n Rodr\u00edguez &#8216;Monchi&#8217;, anunci\u00f3 que la actual ser\u00e1 \u00abla \u00faltima temporada\u00bb del \u00eddolo Francesco Totti en el equipo.<\/span><\/strong><\/p>\n<p><span style=\"color: #000000;\"><strong>Roma, 03 Mayo 2017, (ANDINA).-<\/strong> El nuevo director deportivo de la Roma, el espa\u00f1ol Ram\u00f3n Rodr\u00edguez &#8216;Monchi&#8217;, provoc\u00f3 un terremoto en su rueda de prensa de presentaci\u00f3n al anunciar que la actual ser\u00e1 \u00abla \u00faltima temporada\u00bb del \u00eddolo Francesco Totti en el equipo.<\/span><\/p>\n<p><span style=\"color: #000000;\">\u00ab\u00bfTotti? Hay un acuerdo con el club. Es la \u00faltima temporada y luego continuar\u00e1 como dirigente\u00bb, declar\u00f3 el exdirector deportivo del Sevilla.<\/span><\/p>\n<p><span style=\"color: #000000;\">\u00abLo quiero a mi lado porque \u00e9l es la Roma y puede ense\u00f1arme lo que es la Roma. Quiero que Totti me explique y me haga comprender lo que es la Roma. Si lograra saber un 1% de lo que sabe \u00e9l, estar\u00e9 satisfecho\u00bb, a\u00f1adi\u00f3 Monchi.<\/span><\/p>\n<p><span style=\"color: #000000;\">El final de la carrera futbol\u00edstica de Totti, de 40 a\u00f1os, no es una sorpresa puesto que su contrato termina en junio de 2017. En los \u00faltimos meses tiene pocos minutos en el terreno de juego.<\/span><\/p>\n<p><span style=\"color: #000000;\">Pero el anuncio de Monchi moviliz\u00f3 a las redes sociales y a la prensa, ya que Totti, que debut\u00f3 con la Roma en 1993, es la gran leyenda del club.<\/span><\/p>\n<p><span style=\"color: #000000;\">Preguntado por la AFP, un portavoz de la entidad precis\u00f3 que no hab\u00eda \u00abnada nuevo o diferente en las palabras de Monchi\u00bb.<\/span><\/p>\n<p><span style=\"color: #000000;\">Durante la renovaci\u00f3n del contrato de Totti, firmado en junio de 2016, el club hab\u00eda publicado en efecto un comunicado titulado \u00abla AS Roma anuncia la \u00faltima temporada de Totti como jugador\u00bb.<\/span><\/p>\n<p><span style=\"color: #000000;\">Las palabras de Monchi se pueden interpretar como una se\u00f1al de la poderosa influencia del director deportivo, arquitecto del Sevilla que gan\u00f3 las tres \u00faltimas ediciones de la Europa League. Cuando la Roma hizo el mismo anuncio en junio de 2016, hizo mucho menos ruido.<\/span><\/p>\n<p><span style=\"color: #000000;\">El n\u00famero 10 romano, por su parte, no ha comunicado nada oficialmente. \u00ab\u00bfMi \u00faltimo derbi? Es lo que dicen los otros, no lo que digo yo\u00bb, declar\u00f3 el domingo tras la derrota de su equipo ante el Lazio por 3-1.<\/span><\/p>\n<p><strong><span style=\"color: #000000;\">\u00bf28 de mayo, \u00faltimo partido?<\/span><\/strong><\/p>\n<p><span style=\"color: #000000;\">Pero otros ven en el movimiento de Monchi un s\u00edntoma de que no ha calibrado bien el peso que tiene Totti en el club y en la ciudad, tras 25 temporadas de fidelidad en la Serie A, siempre como s\u00edmbolo del maillot giallorosso.<\/span><\/p>\n<p><span style=\"color: #000000;\">La tormenta se propag\u00f3 por todos los rincones de la red italiana. En Twitter, en los sitios de La Gazzetta dello Sport, del Corriere dello Sport, de Tuttosport o de los generalistas como La Repubblica, la retirada de Totti ocupaba este mi\u00e9rcoles un lugar referencial.<\/span><\/p>\n<p><span style=\"color: #000000;\">\u00abExtra\u00f1a manera de decir que se acab\u00f3, que concluye el romance, el mayor y m\u00e1s intenso de la historia de la Roma\u00bb, escribi\u00f3 en su blog Ivan Zazzaroni, uno de los redactores jefes del Corriere dello Sport.<\/span><\/p>\n<p><span style=\"color: #000000;\">\u00abLe tocaba a Totti anunciar su adi\u00f3s. Un evento de este tipo necesitaba de esa trascendencia y se le ha quitado\u00bb, a\u00f1adi\u00f3.<\/span><\/p>\n<p><span style=\"color: #000000;\">Pero la tormenta tambi\u00e9n ha tocado a la propia Roma, que no supo c\u00f3mo reaccionar a las palabras de su nuevo director deportivo. Su p\u00e1gina oficial probablemente fue la \u00fanica de Italia que no habla de Totti en el art\u00edculo acerca de las declaraciones de Monchi.<\/span><\/p>\n<p><span style=\"color: #000000;\">Monchi ha podido precipitar las cosas, pero el adi\u00f3s de la leyenda parece inminente. El 28 de mayo en el Estadio Ol\u00edmpico en la 38\u00aa jornada de Serie A ante el G\u00e9nova podr\u00eda ser su \u00faltima aparici\u00f3n como futbolista.<\/span><\/p>\n<p><img fetchpriority=\"high\" decoding=\"async\" class=\"size-full wp-image-9413 aligncenter\" src=\"http:\/\/elinformanteperu.com\/wp-content\/uploads\/2017\/05\/francesco-totti1.jpg\" alt=\"\" width=\"1800\" height=\"1049\" srcset=\"https:\/\/elinformanteperu.com\/wp-content\/uploads\/2017\/05\/francesco-totti1.jpg 1800w, https:\/\/elinformanteperu.com\/wp-content\/uploads\/2017\/05\/francesco-totti1-300x175.jpg 300w, https:\/\/elinformanteperu.com\/wp-content\/uploads\/2017\/05\/francesco-totti1-768x448.jpg 768w, https:\/\/elinformanteperu.com\/wp-content\/uploads\/2017\/05\/francesco-totti1-1024x597.jpg 1024w, https:\/\/elinformanteperu.com\/wp-content\/uploads\/2017\/05\/francesco-totti1-128x75.jpg 128w, https:\/\/elinformanteperu.com\/wp-content\/uploads\/2017\/05\/francesco-totti1-32x19.jpg 32w\" sizes=\"(max-width: 1800px) 100vw, 1800px\" \/><\/p>\n","protected":false},"excerpt":{"rendered":"<p>El nuevo director deportivo de la Roma, el espa\u00f1ol Ram\u00f3n Rodr\u00edguez &#8216;Monchi&#8217;, anunci\u00f3 que la actual ser\u00e1 \u00abla \u00faltima temporada\u00bb del \u00eddolo Francesco Totti en el equipo. Roma, 03 Mayo 2017, (ANDINA).- El nuevo director deportivo de la Roma, el espa\u00f1ol Ram\u00f3n Rodr\u00edguez &#8216;Monchi&#8217;, provoc\u00f3 un terremoto en su rueda de prensa de presentaci\u00f3n al [&hellip;]<\/p>\n","protected":false},"author":1,"featured_media":9412,"comment_status":"open","ping_status":"open","sticky":false,"template":"","format":"standard","meta":{"rop_custom_images_group":[],"rop_custom_messages_group":[],"rop_publish_now":"initial","rop_publish_now_accounts":[],"rop_publish_now_history":[],"rop_publish_now_status":"pending","footnotes":""},"categories":[8],"tags":[1505],"class_list":["post-9411","post","type-post","status-publish","format-standard","has-post-thumbnail","hentry","category-disciplinas-deportivas","tag-francesco-totti"],"_links":{"self":[{"href":"https:\/\/elinformanteperu.com\/index.php\/wp-json\/wp\/v2\/posts\/9411","targetHints":{"allow":["GET"]}}],"collection":[{"href":"https:\/\/elinformanteperu.com\/index.php\/wp-json\/wp\/v2\/posts"}],"about":[{"href":"https:\/\/elinformanteperu.com\/index.php\/wp-json\/wp\/v2\/types\/post"}],"author":[{"embeddable":true,"href":"https:\/\/elinformanteperu.com\/index.php\/wp-json\/wp\/v2\/users\/1"}],"replies":[{"embeddable":true,"href":"https:\/\/elinformanteperu.com\/index.php\/wp-json\/wp\/v2\/comments?post=9411"}],"version-history":[{"count":1,"href":"https:\/\/elinformanteperu.com\/index.php\/wp-json\/wp\/v2\/posts\/9411\/revisions"}],"predecessor-version":[{"id":9414,"href":"https:\/\/elinformanteperu.com\/index.php\/wp-json\/wp\/v2\/posts\/9411\/revisions\/9414"}],"wp:featuredmedia":[{"embeddable":true,"href":"https:\/\/elinformanteperu.com\/index.php\/wp-json\/wp\/v2\/media\/9412"}],"wp:attachment":[{"href":"https:\/\/elinformanteperu.com\/index.php\/wp-json\/wp\/v2\/media?parent=9411"}],"wp:term":[{"taxonomy":"category","embeddable":true,"href":"https:\/\/elinformanteperu.com\/index.php\/wp-json\/wp\/v2\/categories?post=9411"},{"taxonomy":"post_tag","embeddable":true,"href":"https:\/\/elinformanteperu.com\/index.php\/wp-json\/wp\/v2\/tags?post=9411"}],"curies":[{"name":"wp","href":"https:\/\/api.w.org\/{rel}","templated":true}]}}